{"id":147,"date":"2020-12-06T20:56:51","date_gmt":"2020-12-06T19:56:51","guid":{"rendered":"https:\/\/licho.xyz\/?p=147"},"modified":"2020-12-06T22:20:13","modified_gmt":"2020-12-06T21:20:13","slug":"do-wszystkiego-mozna-sie-przyzwyczaic","status":"publish","type":"post","link":"https:\/\/licho.xyz\/index.php\/2020\/12\/06\/do-wszystkiego-mozna-sie-przyzwyczaic\/","title":{"rendered":"Do wszystkiego mo\u017cna si\u0119 przyzwyczai\u0107"},"content":{"rendered":"<p><em>Pocz\u0105tek Ewangelii Jezusa Chrystusa, Syna Bo\u017cego. Jak jest napisane u proroka Izajasza: &#8222;oto Ja posy\u0142am wys\u0142a\u0144ca mego przed Tob\u0105; on przygotuje drog\u0119 Twoj\u0105. G\u0142os wo\u0142aj\u0105cego na pustyni: Przygotujcie drog\u0119 Panu, prostujcie dla Niego \u015bcie\u017cki&#8221;, wyst\u0105pi\u0142 Jan Chrzciciel na pustyni i g\u0142osi\u0142 chrzest nawr\u00f3cenia na odpuszczenie grzech\u00f3w. Ci\u0105gn\u0119\u0142a do niego ca\u0142a judzka kraina oraz wszyscy mieszka\u0144cy Jerozolimy i przyjmowali od niego chrzest w rzece Jordan, wyznaj\u0105c swoje grzechy.<\/em><\/p>\n<p>Co tam si\u0119 w\u0142a\u015bciwie wydarzy\u0142o, wtedy \u2013 dwa tysi\u0105ce lat temu, nad Jordanem? Kim w\u0142a\u015bciwie by\u0142 ten Jan Chrzciciel? Kim byli ci, co do niego nad Jordan przychodzili? I po co tam chodzili? Co tam si\u0119 tak naprawd\u0119 wydarzy\u0142o?<\/p>\n<p>M\u00f3wi\u0105 ludzie, \u017ce do wszystkiego mo\u017cna si\u0119 przyzwyczai\u0107. I chyba to prawda. Do wszystkiego mo\u017cna si\u0119 przyzwyczai\u0107. A mo\u017ce inaczej \u2013 s\u0105 tacy, co mog\u0105. Bo s\u0105 i tacy, co nie mog\u0105. A mo\u017ce nie chc\u0105.<\/p>\n<p>Jak to by\u0142o cho\u0107by w dziejach naszej Ojczyzny. Wtedy, gdy by\u0142a pod okupacj\u0105. Albo wcze\u015bniej, pod zaborami. Kiedy Polska znikn\u0119\u0142a z map \u015bwiata, wielu Polak\u00f3w rozejrza\u0142o si\u0119 wok\u00f3\u0142, potrz\u0105sn\u0119\u0142o g\u0142owami, powiedzieli \u2013 szkoda. Szkoda, \u017ce si\u0119 tak sta\u0142o, \u017ce si\u0119 nie uda\u0142o, \u017ce ju\u017c jej nie ma. Szkoda flagi i hymnu, szkoda niezale\u017cno\u015bci, niepodleg\u0142o\u015bci\u2026 Ale trzeba \u017cy\u0107 dalej. Sko\u0144czy\u0142a si\u0119 Polska, ale \u015bwiat si\u0119 nie sko\u0144czy\u0142. I moje \u017cycie si\u0119 nie sko\u0144czy\u0142o. Mam sw\u00f3j dom, swoj\u0105 rodzin\u0119, swoje interesy. Trzeba \u017cy\u0107 dalej. Szkoda, \u017ce w urz\u0119dzie od tej pory po niemiecku, albo po rosyjsku. Ale trudno. Przyzwyczaimy si\u0119. Nauczymy si\u0119 niemieckiego, nauczymy rosyjskiego, dostosujemy si\u0119, b\u0119dziemy \u017cy\u0107 dalej. Wielu tak m\u00f3wi\u0142o, wielu tak \u017cy\u0142o.<\/p>\n<p>Ale nie wszyscy. Bo byli i tacy, co si\u0119 nie przyzwyczaili. Rozejrzeli si\u0119 wok\u00f3\u0142 siebie, i powiedzieli \u2013 nie! Ja tak nie chc\u0119! Mnie si\u0119 to nie podoba, i ja si\u0119 na to nie zgadzam! Mo\u017ce i nie potrafi\u0119 tego zmieni\u0107, ale te\u017c nie b\u0119d\u0119 tego akceptowa\u0107. Nie chc\u0119. Wielu by\u0142o takich, co nie pozwolili, by w ich sercach zgas\u0142 p\u0142omyk t\u0119sknoty, jakiego\u015b pragnienia, czy buntu nawet. A z czasem z tych p\u0142omieni rodzi\u0142y si\u0119 wielkie rzeczy. Mickiewicz, i w \u201ePanu Tadeuszu\u201d pi\u0119kny opis Polski minionych lat. Pachn\u0105cy zbo\u017cem, roz\u015bpiewany, malowany promieniami letniego s\u0142o\u0144ca. Jakby bajkowy troch\u0119, w sam raz ku pokrzepieniu serc. Sienkiewicz, i pe\u0142na bohaterskich czyn\u00f3w i przyg\u00f3d \u201eTrylogia\u201d. Ku pokrzepieniu serc.<\/p>\n<p>I wielu by\u0142o takich. Nieprzyzwyczajonych, niepogodzonych, zbuntowanych. Wiele serc p\u0142on\u0105cych t\u0119sknot\u0105 i \u017calem. Oni nie chcieli si\u0119 przyzwyczai\u0107.<\/p>\n<p>Wygl\u0105dam przez okno, i patrz\u0119 na Polsk\u0119 dzisiaj \u2013 podobna historia. Wielu rozgl\u0105da si\u0119 wok\u00f3\u0142 z niedowierzaniem, pytaj\u0105 \u2013 co si\u0119 sta\u0142o? Patrzymy na Polsk\u0119, na ludzi, na znajomych i s\u0105siad\u00f3w, nie mo\u017cemy ich pozna\u0107! Co\u015b si\u0119 zmieni\u0142o bardzo, co\u015b popsu\u0142o. Tyle wok\u00f3\u0142 wulgarno\u015bci. W przestrzeni publicznej s\u0142owa, kt\u00f3re jeszcze niedawno wypowiadane p\u00f3\u0142g\u0142osem i z zawstydzeniem na twarzy, dzi\u015b wykrzykiwane s\u0105 na ca\u0142e gard\u0142o, z oble\u015bn\u0105 jak\u0105\u015b dum\u0105. Tyle nienawi\u015bci, tyle jadu\u2026 M\u00f3wi\u0105 jedni \u2013 \u015bwiat si\u0119 zmienia, trudno. Mo\u017ce i mi si\u0119 to nie bardzo podoba, ale c\u00f3\u017c ja mog\u0119. W sumie troch\u0119 si\u0119 ju\u017c os\u0142ucha\u0142em, s\u0142owa ju\u017c tak mocno nie ra\u017c\u0105. Troch\u0119 si\u0119 opatrzy\u0142em, ju\u017c nie boli tak bardzo to, co widz\u0119. Jeszcze si\u0119 os\u0142ucham, jeszcze opatrz\u0119, przyzwyczaj\u0119 si\u0119, jako\u015b to b\u0119dzie. Trzeba \u017cy\u0107 dalej. \u015awiat toczy si\u0119 dalej. Ale s\u0105 i tacy, kt\u00f3rzy si\u0119 nie os\u0142uchali. Nie opatrzyli si\u0119, nie pogodzili. I nie maj\u0105 zamiaru si\u0119 przyzwyczaja\u0107.<\/p>\n<p>I wreszcie trzecie spojrzenie \u2013 na nasze serca. Na to, co w duszy cz\u0142owieka si\u0119 dzieje. I to chyba spojrzenie najwa\u017cniejsze, bo przecie\u017c wszystko, co na \u015bwiecie, z ludzkiego serca si\u0119 rodzi. A tam historia ta sama\u2026 Pami\u0119tam, jak kiedy\u015b, dawno temu, spowiada\u0142em dzieciaki przed pierwsz\u0105 Komuni\u0105 \u015awi\u0119t\u0105. Przyszed\u0142 taki maluch, i ze \u0142zami w oczach wyznaje \u2013 rozdepta\u0142em \u015blimaka.<\/p>\n<p>Innym razem podchodzi do kraty konfesjona\u0142u cz\u0142owiek doros\u0142y. Wiele ju\u017c w \u017cyciu \u015blimak\u00f3w rozdepta\u0142. I ludzi te\u017c wielu. I m\u00f3wi \u2013 ja to w\u0142a\u015bciwie grzech\u00f3w nie mam. No mo\u017ce czasem s\u0142owo jakie\u015b nie takie, ale nie zabi\u0142em nikogo, ani nic.<br \/>\nWra\u017cliwo\u015b\u0107 serca. Ta od Boga dana, w sercu m\u0142odym i \u015bwie\u017cym. I ta utracona. Bo niejedno ju\u017c cz\u0142owiek w \u017cyciu widzia\u0142, niejednego do\u015bwiadczy\u0142. Niejednego \u015blimaka rozdepta\u0142. Z czasem trzask skorupki pod podeszw\u0105 buta przestaje wzrusza\u0107. Mo\u017cna to nawet polubi\u0107. A na pewno mo\u017cna si\u0119 przyzwyczai\u0107.<\/p>\n<p>Wr\u00f3\u0107my nad Jordan.<\/p>\n<p>Kim byli ci, co tam do Jana przyszli? Ot\u00f3\u017c Izrael by\u0142 wtedy pod okupacj\u0105. Nieraz si\u0119 Narodowi Wybranemu takie rzeczy przydarza\u0142y. By\u0142 kiedy\u015b Egipt, by\u0142 Babilon, teraz Rzym. I wielu tak pewnie m\u00f3wi\u0142o \u2013 w Egipcie \u017cy\u0107 si\u0119 da\u0142o, w Babilonie ca\u0142kiem nie\u017ale, to i pod Rzymem sobie jako\u015b damy rad\u0119. Przyzwyczaimy si\u0119. Nauczymy si\u0119 greki, nauczymy \u0142aciny. Interesy b\u0119d\u0105 si\u0119 kr\u0119ci\u0107, damy sobie rad\u0119. A \u017ce rzymscy \u017co\u0142nierze na ulicach Jerozolimy, no c\u00f3\u017c\u2026 \u017bycie to nie bajka. Ale si\u0119 przystosujemy, przyzwyczaimy. Byli jednak i tacy, co w szabat w synagodze s\u0142uchali proroctw Izajasza. Co w paschalne \u015bwi\u0119ta s\u0142uchali opowie\u015bci swoich ojc\u00f3w o uwolnieniu z Egiptu. Byli tacy, co patrz\u0105c w niebo wo\u0142ali \u2013 ze\u015blij Go! Mesjasza, co wszystko naprawi. Co nas uwolni, jak Moj\u017cesz naszych ojc\u00f3w. Niech przyjdzie nareszcie! I to oni w\u0142a\u015bnie, ci niepogodzeni, nieprzyzwyczajeni, poszli nad Jordan, gdzie Jan wo\u0142a\u0142 \u2013 jest ju\u017c blisko! Prostujcie \u015bcie\u017cki, przygotujcie drog\u0119, bo nadchodzi! I to oni w\u0142a\u015bnie, ci nieprzyzwyczajeni, pierwsi zobaczyli Jezusa. Stali si\u0119 pierwszymi aposto\u0142ami. Ogl\u0105dali cuda. Usiedli z Nim do sto\u0142u w czasie Ostatniej Wieczerzy. Ogl\u0105dali pusty Gr\u00f3b. Otrzymali zbawienie.<\/p>\n<p>A jak jest z Tob\u0105?<\/p>\n<p>Otrzyma\u0142e\u015b od Boga serce czyste i wra\u017cliwe. Co p\u0142acze, kiedy rozdepczesz \u015blimaka. Kiedy\u015b. A potem by\u0142o \u017cycie, i wiele \u015blimak\u00f3w le\u017ca\u0142o na Twojej drodze. Przyzwyczai\u0142e\u015b si\u0119 do trzasku skorupki pod butem? Nauczy\u0142e\u015b si\u0119 z tym \u017cy\u0107? To znaczy, \u017ce nie czekasz. Bo nie ma na kogo, i po co. Bo nie ma problemu. To tylko \u015blimak. Albo cz\u0142owiek. Albo tylko cokolwiek. Do wszystkiego mo\u017cna si\u0119 przyzwyczai\u0107, i \u017cycie toczy si\u0119 dalej.<\/p>\n<p>Ale mo\u017ce cho\u0107 jakie\u015b wspomnienia zosta\u0142y, o Tobie z dawnych czas\u00f3w? Jak mia\u0142e\u015b te kilkana\u015bcie lat, i zbuntowany patrzy\u0142e\u015b na brudny, nieuczciwy \u015bwiat, m\u00f3wi\u0105c, \u017ce Ty taki nigdy nie b\u0119dziesz? Owszem, nie uda\u0142o si\u0119. Wiele rzeczy si\u0119 nie uda\u0142o, wiele \u015blimak\u00f3w rozdeptanych\u2026 Ale przecie\u017c nie przyzwyczai\u0142e\u015b si\u0119, nie tak do ko\u0144ca? Bo przecie\u017c pami\u0119tasz&#8230;<\/p>\n<p>Mo\u017ce to dobry dzie\u0144, \u017ceby dzi\u015b zawo\u0142a\u0107 do Niego \u2013 rozpal to we mnie na nowo! T\u0119 t\u0119sknot\u0119, ten bunt, to pragnienie! Wiele rzeczy si\u0119 nie uda\u0142o, ale je\u015bli przyjdziesz, to wszystko naprawisz! Mnie naprawisz, i \u015bwiat naprawisz! To co we mnie, i to co wok\u00f3\u0142 mnie!<\/p>\n<p>Marana tha!<\/p>\n<p>To w\u0142a\u015bnie jest adwent.<\/p>\n","protected":false},"excerpt":{"rendered":"<p>Pocz\u0105tek Ewangelii Jezusa Chrystusa, Syna Bo\u017cego. Jak jest napisane u proroka Izajasza: &#8222;oto Ja posy\u0142am wys\u0142a\u0144ca mego przed Tob\u0105; on&hellip;<\/p>\n","protected":false},"author":1,"featured_media":0,"comment_status":"open","ping_status":"open","sticky":false,"template":"","format":"standard","meta":{"footnotes":""},"categories":[1],"tags":[],"class_list":["post-147","post","type-post","status-publish","format-standard","hentry","category-bez-kategorii"],"yoast_head":"<!-- This site is optimized with the Yoast SEO plugin v27.3 - https:\/\/yoast.com\/product\/yoast-seo-wordpress\/ -->\n<title>Do wszystkiego mo\u017cna si\u0119 przyzwyczai\u0107 - S\u0142owo \u017bycia<\/title>\n<meta name=\"robots\" content=\"index, follow, max-snippet:-1, max-image-preview:large, max-video-preview:-1\" \/>\n<link rel=\"canonical\" href=\"https:\/\/licho.xyz\/index.php\/2020\/12\/06\/do-wszystkiego-mozna-sie-przyzwyczaic\/\" \/>\n<meta property=\"og:locale\" content=\"pl_PL\" \/>\n<meta property=\"og:type\" content=\"article\" \/>\n<meta property=\"og:title\" content=\"Do wszystkiego mo\u017cna si\u0119 przyzwyczai\u0107 - S\u0142owo \u017bycia\" \/>\n<meta property=\"og:description\" content=\"Pocz\u0105tek Ewangelii Jezusa Chrystusa, Syna Bo\u017cego. Jak jest napisane u proroka Izajasza: &#8222;oto Ja posy\u0142am wys\u0142a\u0144ca mego przed Tob\u0105; on&hellip;\" \/>\n<meta property=\"og:url\" content=\"https:\/\/licho.xyz\/index.php\/2020\/12\/06\/do-wszystkiego-mozna-sie-przyzwyczaic\/\" \/>\n<meta property=\"og:site_name\" content=\"S\u0142owo \u017bycia\" \/>\n<meta property=\"article:published_time\" content=\"2020-12-06T19:56:51+00:00\" \/>\n<meta property=\"article:modified_time\" content=\"2020-12-06T21:20:13+00:00\" \/>\n<meta name=\"author\" content=\"xS\u0142awomir\" \/>\n<meta name=\"twitter:card\" content=\"summary_large_image\" \/>\n<meta name=\"twitter:label1\" content=\"Napisane przez\" \/>\n\t<meta name=\"twitter:data1\" content=\"xS\u0142awomir\" \/>\n\t<meta name=\"twitter:label2\" content=\"Szacowany czas czytania\" \/>\n\t<meta name=\"twitter:data2\" content=\"6 minut\" \/>\n<script type=\"application\/ld+json\" class=\"yoast-schema-graph\">{\"@context\":\"https:\\\/\\\/schema.org\",\"@graph\":[{\"@type\":\"Article\",\"@id\":\"https:\\\/\\\/licho.xyz\\\/index.php\\\/2020\\\/12\\\/06\\\/do-wszystkiego-mozna-sie-przyzwyczaic\\\/#article\",\"isPartOf\":{\"@id\":\"https:\\\/\\\/licho.xyz\\\/index.php\\\/2020\\\/12\\\/06\\\/do-wszystkiego-mozna-sie-przyzwyczaic\\\/\"},\"author\":{\"name\":\"xS\u0142awomir\",\"@id\":\"https:\\\/\\\/licho.xyz\\\/#\\\/schema\\\/person\\\/f49c8bc08dfb9e5c1d425a01465c53d7\"},\"headline\":\"Do wszystkiego mo\u017cna si\u0119 przyzwyczai\u0107\",\"datePublished\":\"2020-12-06T19:56:51+00:00\",\"dateModified\":\"2020-12-06T21:20:13+00:00\",\"mainEntityOfPage\":{\"@id\":\"https:\\\/\\\/licho.xyz\\\/index.php\\\/2020\\\/12\\\/06\\\/do-wszystkiego-mozna-sie-przyzwyczaic\\\/\"},\"wordCount\":1235,\"commentCount\":0,\"publisher\":{\"@id\":\"https:\\\/\\\/licho.xyz\\\/#\\\/schema\\\/person\\\/f49c8bc08dfb9e5c1d425a01465c53d7\"},\"inLanguage\":\"pl-PL\",\"potentialAction\":[{\"@type\":\"CommentAction\",\"name\":\"Comment\",\"target\":[\"https:\\\/\\\/licho.xyz\\\/index.php\\\/2020\\\/12\\\/06\\\/do-wszystkiego-mozna-sie-przyzwyczaic\\\/#respond\"]}]},{\"@type\":\"WebPage\",\"@id\":\"https:\\\/\\\/licho.xyz\\\/index.php\\\/2020\\\/12\\\/06\\\/do-wszystkiego-mozna-sie-przyzwyczaic\\\/\",\"url\":\"https:\\\/\\\/licho.xyz\\\/index.php\\\/2020\\\/12\\\/06\\\/do-wszystkiego-mozna-sie-przyzwyczaic\\\/\",\"name\":\"Do wszystkiego mo\u017cna si\u0119 przyzwyczai\u0107 - S\u0142owo \u017bycia\",\"isPartOf\":{\"@id\":\"https:\\\/\\\/licho.xyz\\\/#website\"},\"datePublished\":\"2020-12-06T19:56:51+00:00\",\"dateModified\":\"2020-12-06T21:20:13+00:00\",\"breadcrumb\":{\"@id\":\"https:\\\/\\\/licho.xyz\\\/index.php\\\/2020\\\/12\\\/06\\\/do-wszystkiego-mozna-sie-przyzwyczaic\\\/#breadcrumb\"},\"inLanguage\":\"pl-PL\",\"potentialAction\":[{\"@type\":\"ReadAction\",\"target\":[\"https:\\\/\\\/licho.xyz\\\/index.php\\\/2020\\\/12\\\/06\\\/do-wszystkiego-mozna-sie-przyzwyczaic\\\/\"]}]},{\"@type\":\"BreadcrumbList\",\"@id\":\"https:\\\/\\\/licho.xyz\\\/index.php\\\/2020\\\/12\\\/06\\\/do-wszystkiego-mozna-sie-przyzwyczaic\\\/#breadcrumb\",\"itemListElement\":[{\"@type\":\"ListItem\",\"position\":1,\"name\":\"Strona g\u0142\u00f3wna\",\"item\":\"https:\\\/\\\/licho.xyz\\\/\"},{\"@type\":\"ListItem\",\"position\":2,\"name\":\"Do wszystkiego mo\u017cna si\u0119 przyzwyczai\u0107\"}]},{\"@type\":\"WebSite\",\"@id\":\"https:\\\/\\\/licho.xyz\\\/#website\",\"url\":\"https:\\\/\\\/licho.xyz\\\/\",\"name\":\"S\u0142owo \u017bycia\",\"description\":\"Blog osobisty\",\"publisher\":{\"@id\":\"https:\\\/\\\/licho.xyz\\\/#\\\/schema\\\/person\\\/f49c8bc08dfb9e5c1d425a01465c53d7\"},\"potentialAction\":[{\"@type\":\"SearchAction\",\"target\":{\"@type\":\"EntryPoint\",\"urlTemplate\":\"https:\\\/\\\/licho.xyz\\\/?s={search_term_string}\"},\"query-input\":{\"@type\":\"PropertyValueSpecification\",\"valueRequired\":true,\"valueName\":\"search_term_string\"}}],\"inLanguage\":\"pl-PL\"},{\"@type\":[\"Person\",\"Organization\"],\"@id\":\"https:\\\/\\\/licho.xyz\\\/#\\\/schema\\\/person\\\/f49c8bc08dfb9e5c1d425a01465c53d7\",\"name\":\"xS\u0142awomir\",\"image\":{\"@type\":\"ImageObject\",\"inLanguage\":\"pl-PL\",\"@id\":\"https:\\\/\\\/licho.xyz\\\/wp-content\\\/uploads\\\/2026\\\/03\\\/304851364_420039680220434_1880032496013778360_n.jpg\",\"url\":\"https:\\\/\\\/licho.xyz\\\/wp-content\\\/uploads\\\/2026\\\/03\\\/304851364_420039680220434_1880032496013778360_n.jpg\",\"contentUrl\":\"https:\\\/\\\/licho.xyz\\\/wp-content\\\/uploads\\\/2026\\\/03\\\/304851364_420039680220434_1880032496013778360_n.jpg\",\"width\":1465,\"height\":1465,\"caption\":\"xS\u0142awomir\"},\"logo\":{\"@id\":\"https:\\\/\\\/licho.xyz\\\/wp-content\\\/uploads\\\/2026\\\/03\\\/304851364_420039680220434_1880032496013778360_n.jpg\"},\"sameAs\":[\"http:\\\/\\\/54.37.136.75\"],\"url\":\"https:\\\/\\\/licho.xyz\\\/index.php\\\/author\\\/lichos\\\/\"}]}<\/script>\n<!-- \/ Yoast SEO plugin. -->","yoast_head_json":{"title":"Do wszystkiego mo\u017cna si\u0119 przyzwyczai\u0107 - S\u0142owo \u017bycia","robots":{"index":"index","follow":"follow","max-snippet":"max-snippet:-1","max-image-preview":"max-image-preview:large","max-video-preview":"max-video-preview:-1"},"canonical":"https:\/\/licho.xyz\/index.php\/2020\/12\/06\/do-wszystkiego-mozna-sie-przyzwyczaic\/","og_locale":"pl_PL","og_type":"article","og_title":"Do wszystkiego mo\u017cna si\u0119 przyzwyczai\u0107 - S\u0142owo \u017bycia","og_description":"Pocz\u0105tek Ewangelii Jezusa Chrystusa, Syna Bo\u017cego. Jak jest napisane u proroka Izajasza: &#8222;oto Ja posy\u0142am wys\u0142a\u0144ca mego przed Tob\u0105; on&hellip;","og_url":"https:\/\/licho.xyz\/index.php\/2020\/12\/06\/do-wszystkiego-mozna-sie-przyzwyczaic\/","og_site_name":"S\u0142owo \u017bycia","article_published_time":"2020-12-06T19:56:51+00:00","article_modified_time":"2020-12-06T21:20:13+00:00","author":"xS\u0142awomir","twitter_card":"summary_large_image","twitter_misc":{"Napisane przez":"xS\u0142awomir","Szacowany czas czytania":"6 minut"},"schema":{"@context":"https:\/\/schema.org","@graph":[{"@type":"Article","@id":"https:\/\/licho.xyz\/index.php\/2020\/12\/06\/do-wszystkiego-mozna-sie-przyzwyczaic\/#article","isPartOf":{"@id":"https:\/\/licho.xyz\/index.php\/2020\/12\/06\/do-wszystkiego-mozna-sie-przyzwyczaic\/"},"author":{"name":"xS\u0142awomir","@id":"https:\/\/licho.xyz\/#\/schema\/person\/f49c8bc08dfb9e5c1d425a01465c53d7"},"headline":"Do wszystkiego mo\u017cna si\u0119 przyzwyczai\u0107","datePublished":"2020-12-06T19:56:51+00:00","dateModified":"2020-12-06T21:20:13+00:00","mainEntityOfPage":{"@id":"https:\/\/licho.xyz\/index.php\/2020\/12\/06\/do-wszystkiego-mozna-sie-przyzwyczaic\/"},"wordCount":1235,"commentCount":0,"publisher":{"@id":"https:\/\/licho.xyz\/#\/schema\/person\/f49c8bc08dfb9e5c1d425a01465c53d7"},"inLanguage":"pl-PL","potentialAction":[{"@type":"CommentAction","name":"Comment","target":["https:\/\/licho.xyz\/index.php\/2020\/12\/06\/do-wszystkiego-mozna-sie-przyzwyczaic\/#respond"]}]},{"@type":"WebPage","@id":"https:\/\/licho.xyz\/index.php\/2020\/12\/06\/do-wszystkiego-mozna-sie-przyzwyczaic\/","url":"https:\/\/licho.xyz\/index.php\/2020\/12\/06\/do-wszystkiego-mozna-sie-przyzwyczaic\/","name":"Do wszystkiego mo\u017cna si\u0119 przyzwyczai\u0107 - S\u0142owo \u017bycia","isPartOf":{"@id":"https:\/\/licho.xyz\/#website"},"datePublished":"2020-12-06T19:56:51+00:00","dateModified":"2020-12-06T21:20:13+00:00","breadcrumb":{"@id":"https:\/\/licho.xyz\/index.php\/2020\/12\/06\/do-wszystkiego-mozna-sie-przyzwyczaic\/#breadcrumb"},"inLanguage":"pl-PL","potentialAction":[{"@type":"ReadAction","target":["https:\/\/licho.xyz\/index.php\/2020\/12\/06\/do-wszystkiego-mozna-sie-przyzwyczaic\/"]}]},{"@type":"BreadcrumbList","@id":"https:\/\/licho.xyz\/index.php\/2020\/12\/06\/do-wszystkiego-mozna-sie-przyzwyczaic\/#breadcrumb","itemListElement":[{"@type":"ListItem","position":1,"name":"Strona g\u0142\u00f3wna","item":"https:\/\/licho.xyz\/"},{"@type":"ListItem","position":2,"name":"Do wszystkiego mo\u017cna si\u0119 przyzwyczai\u0107"}]},{"@type":"WebSite","@id":"https:\/\/licho.xyz\/#website","url":"https:\/\/licho.xyz\/","name":"S\u0142owo \u017bycia","description":"Blog osobisty","publisher":{"@id":"https:\/\/licho.xyz\/#\/schema\/person\/f49c8bc08dfb9e5c1d425a01465c53d7"},"potentialAction":[{"@type":"SearchAction","target":{"@type":"EntryPoint","urlTemplate":"https:\/\/licho.xyz\/?s={search_term_string}"},"query-input":{"@type":"PropertyValueSpecification","valueRequired":true,"valueName":"search_term_string"}}],"inLanguage":"pl-PL"},{"@type":["Person","Organization"],"@id":"https:\/\/licho.xyz\/#\/schema\/person\/f49c8bc08dfb9e5c1d425a01465c53d7","name":"xS\u0142awomir","image":{"@type":"ImageObject","inLanguage":"pl-PL","@id":"https:\/\/licho.xyz\/wp-content\/uploads\/2026\/03\/304851364_420039680220434_1880032496013778360_n.jpg","url":"https:\/\/licho.xyz\/wp-content\/uploads\/2026\/03\/304851364_420039680220434_1880032496013778360_n.jpg","contentUrl":"https:\/\/licho.xyz\/wp-content\/uploads\/2026\/03\/304851364_420039680220434_1880032496013778360_n.jpg","width":1465,"height":1465,"caption":"xS\u0142awomir"},"logo":{"@id":"https:\/\/licho.xyz\/wp-content\/uploads\/2026\/03\/304851364_420039680220434_1880032496013778360_n.jpg"},"sameAs":["http:\/\/54.37.136.75"],"url":"https:\/\/licho.xyz\/index.php\/author\/lichos\/"}]}},"_links":{"self":[{"href":"https:\/\/licho.xyz\/index.php\/wp-json\/wp\/v2\/posts\/147","targetHints":{"allow":["GET"]}}],"collection":[{"href":"https:\/\/licho.xyz\/index.php\/wp-json\/wp\/v2\/posts"}],"about":[{"href":"https:\/\/licho.xyz\/index.php\/wp-json\/wp\/v2\/types\/post"}],"author":[{"embeddable":true,"href":"https:\/\/licho.xyz\/index.php\/wp-json\/wp\/v2\/users\/1"}],"replies":[{"embeddable":true,"href":"https:\/\/licho.xyz\/index.php\/wp-json\/wp\/v2\/comments?post=147"}],"version-history":[{"count":0,"href":"https:\/\/licho.xyz\/index.php\/wp-json\/wp\/v2\/posts\/147\/revisions"}],"wp:attachment":[{"href":"https:\/\/licho.xyz\/index.php\/wp-json\/wp\/v2\/media?parent=147"}],"wp:term":[{"taxonomy":"category","embeddable":true,"href":"https:\/\/licho.xyz\/index.php\/wp-json\/wp\/v2\/categories?post=147"},{"taxonomy":"post_tag","embeddable":true,"href":"https:\/\/licho.xyz\/index.php\/wp-json\/wp\/v2\/tags?post=147"}],"curies":[{"name":"wp","href":"https:\/\/api.w.org\/{rel}","templated":true}]}}