{"id":282,"date":"2021-05-23T22:14:38","date_gmt":"2021-05-23T20:14:38","guid":{"rendered":"https:\/\/licho.xyz\/?p=282"},"modified":"2021-05-23T23:24:08","modified_gmt":"2021-05-23T21:24:08","slug":"przypadek-judasza-iskarioty-czyli-o-zeslaniu-ducha-swietego","status":"publish","type":"post","link":"https:\/\/licho.xyz\/index.php\/2021\/05\/23\/przypadek-judasza-iskarioty-czyli-o-zeslaniu-ducha-swietego\/","title":{"rendered":"Przypadek Judasza Iskarioty, czyli o zes\u0142aniu Ducha \u015awi\u0119tego"},"content":{"rendered":"<p>Moc w s\u0142abo\u015bci si\u0119 doskonali. A cz\u0142owiek nie w\u0142asn\u0105 moc\u0105 zwyci\u0119\u017ca. Dzi\u015b zn\u00f3w do pos\u0142uchania.<\/p>\n<p><iframe loading=\"lazy\" title=\"Przypadek Judasza, czyli o zes\u0142aniu Ducha \u015awi\u0119tego\" width=\"688\" height=\"387\" src=\"https:\/\/www.youtube.com\/embed\/ISSP-LIbp64?feature=oembed\" frameborder=\"0\" allow=\"accelerometer; autoplay; clipboard-write; encrypted-media; gyroscope; picture-in-picture\" allowfullscreen><\/iframe><\/p>\n","protected":false},"excerpt":{"rendered":"<p>Moc w s\u0142abo\u015bci si\u0119 doskonali. A cz\u0142owiek nie w\u0142asn\u0105 moc\u0105 zwyci\u0119\u017ca. Dzi\u015b zn\u00f3w do pos\u0142uchania.<\/p>\n","protected":false},"author":1,"featured_media":283,"comment_status":"open","ping_status":"open","sticky":false,"template":"","format":"standard","meta":{"footnotes":""},"categories":[1],"tags":[],"class_list":["post-282","post","type-post","status-publish","format-standard","has-post-thumbnail","hentry","category-bez-kategorii"],"yoast_head":"<!-- This site is optimized with the Yoast SEO plugin v27.3 - https:\/\/yoast.com\/product\/yoast-seo-wordpress\/ -->\n<title>Przypadek Judasza Iskarioty, czyli o zes\u0142aniu Ducha \u015awi\u0119tego - S\u0142owo \u017bycia<\/title>\n<meta name=\"robots\" content=\"index, follow, max-snippet:-1, max-image-preview:large, max-video-preview:-1\" \/>\n<link rel=\"canonical\" href=\"https:\/\/licho.xyz\/index.php\/2021\/05\/23\/przypadek-judasza-iskarioty-czyli-o-zeslaniu-ducha-swietego\/\" \/>\n<meta property=\"og:locale\" content=\"pl_PL\" \/>\n<meta property=\"og:type\" content=\"article\" \/>\n<meta property=\"og:title\" content=\"Przypadek Judasza Iskarioty, czyli o zes\u0142aniu Ducha \u015awi\u0119tego - S\u0142owo \u017bycia\" \/>\n<meta property=\"og:description\" content=\"Moc w s\u0142abo\u015bci si\u0119 doskonali. A cz\u0142owiek nie w\u0142asn\u0105 moc\u0105 zwyci\u0119\u017ca. Dzi\u015b zn\u00f3w do pos\u0142uchania.\" \/>\n<meta property=\"og:url\" content=\"https:\/\/licho.xyz\/index.php\/2021\/05\/23\/przypadek-judasza-iskarioty-czyli-o-zeslaniu-ducha-swietego\/\" \/>\n<meta property=\"og:site_name\" content=\"S\u0142owo \u017bycia\" \/>\n<meta property=\"article:published_time\" content=\"2021-05-23T20:14:38+00:00\" \/>\n<meta property=\"article:modified_time\" content=\"2021-05-23T21:24:08+00:00\" \/>\n<meta property=\"og:image\" content=\"https:\/\/licho.xyz\/wp-content\/uploads\/2021\/05\/zes_d_w.jpg\" \/>\n\t<meta property=\"og:image:width\" content=\"616\" \/>\n\t<meta property=\"og:image:height\" content=\"347\" \/>\n\t<meta property=\"og:image:type\" content=\"image\/jpeg\" \/>\n<meta name=\"author\" content=\"xS\u0142awomir\" \/>\n<meta name=\"twitter:card\" content=\"summary_large_image\" \/>\n<meta name=\"twitter:label1\" content=\"Napisane przez\" \/>\n\t<meta name=\"twitter:data1\" content=\"xS\u0142awomir\" \/>\n<script type=\"application\/ld+json\" class=\"yoast-schema-graph\">{\"@context\":\"https:\\\/\\\/schema.org\",\"@graph\":[{\"@type\":\"Article\",\"@id\":\"https:\\\/\\\/licho.xyz\\\/index.php\\\/2021\\\/05\\\/23\\\/przypadek-judasza-iskarioty-czyli-o-zeslaniu-ducha-swietego\\\/#article\",\"isPartOf\":{\"@id\":\"https:\\\/\\\/licho.xyz\\\/index.php\\\/2021\\\/05\\\/23\\\/przypadek-judasza-iskarioty-czyli-o-zeslaniu-ducha-swietego\\\/\"},\"author\":{\"name\":\"xS\u0142awomir\",\"@id\":\"https:\\\/\\\/licho.xyz\\\/#\\\/schema\\\/person\\\/f49c8bc08dfb9e5c1d425a01465c53d7\"},\"headline\":\"Przypadek Judasza Iskarioty, czyli o zes\u0142aniu Ducha \u015awi\u0119tego\",\"datePublished\":\"2021-05-23T20:14:38+00:00\",\"dateModified\":\"2021-05-23T21:24:08+00:00\",\"mainEntityOfPage\":{\"@id\":\"https:\\\/\\\/licho.xyz\\\/index.php\\\/2021\\\/05\\\/23\\\/przypadek-judasza-iskarioty-czyli-o-zeslaniu-ducha-swietego\\\/\"},\"wordCount\":36,\"commentCount\":3,\"publisher\":{\"@id\":\"https:\\\/\\\/licho.xyz\\\/#\\\/schema\\\/person\\\/f49c8bc08dfb9e5c1d425a01465c53d7\"},\"image\":{\"@id\":\"https:\\\/\\\/licho.xyz\\\/index.php\\\/2021\\\/05\\\/23\\\/przypadek-judasza-iskarioty-czyli-o-zeslaniu-ducha-swietego\\\/#primaryimage\"},\"thumbnailUrl\":\"https:\\\/\\\/licho.xyz\\\/wp-content\\\/uploads\\\/2021\\\/05\\\/zes_d_w.jpg\",\"inLanguage\":\"pl-PL\",\"potentialAction\":[{\"@type\":\"CommentAction\",\"name\":\"Comment\",\"target\":[\"https:\\\/\\\/licho.xyz\\\/index.php\\\/2021\\\/05\\\/23\\\/przypadek-judasza-iskarioty-czyli-o-zeslaniu-ducha-swietego\\\/#respond\"]}]},{\"@type\":\"WebPage\",\"@id\":\"https:\\\/\\\/licho.xyz\\\/index.php\\\/2021\\\/05\\\/23\\\/przypadek-judasza-iskarioty-czyli-o-zeslaniu-ducha-swietego\\\/\",\"url\":\"https:\\\/\\\/licho.xyz\\\/index.php\\\/2021\\\/05\\\/23\\\/przypadek-judasza-iskarioty-czyli-o-zeslaniu-ducha-swietego\\\/\",\"name\":\"Przypadek Judasza Iskarioty, czyli o zes\u0142aniu Ducha \u015awi\u0119tego - S\u0142owo \u017bycia\",\"isPartOf\":{\"@id\":\"https:\\\/\\\/licho.xyz\\\/#website\"},\"primaryImageOfPage\":{\"@id\":\"https:\\\/\\\/licho.xyz\\\/index.php\\\/2021\\\/05\\\/23\\\/przypadek-judasza-iskarioty-czyli-o-zeslaniu-ducha-swietego\\\/#primaryimage\"},\"image\":{\"@id\":\"https:\\\/\\\/licho.xyz\\\/index.php\\\/2021\\\/05\\\/23\\\/przypadek-judasza-iskarioty-czyli-o-zeslaniu-ducha-swietego\\\/#primaryimage\"},\"thumbnailUrl\":\"https:\\\/\\\/licho.xyz\\\/wp-content\\\/uploads\\\/2021\\\/05\\\/zes_d_w.jpg\",\"datePublished\":\"2021-05-23T20:14:38+00:00\",\"dateModified\":\"2021-05-23T21:24:08+00:00\",\"breadcrumb\":{\"@id\":\"https:\\\/\\\/licho.xyz\\\/index.php\\\/2021\\\/05\\\/23\\\/przypadek-judasza-iskarioty-czyli-o-zeslaniu-ducha-swietego\\\/#breadcrumb\"},\"inLanguage\":\"pl-PL\",\"potentialAction\":[{\"@type\":\"ReadAction\",\"target\":[\"https:\\\/\\\/licho.xyz\\\/index.php\\\/2021\\\/05\\\/23\\\/przypadek-judasza-iskarioty-czyli-o-zeslaniu-ducha-swietego\\\/\"]}]},{\"@type\":\"ImageObject\",\"inLanguage\":\"pl-PL\",\"@id\":\"https:\\\/\\\/licho.xyz\\\/index.php\\\/2021\\\/05\\\/23\\\/przypadek-judasza-iskarioty-czyli-o-zeslaniu-ducha-swietego\\\/#primaryimage\",\"url\":\"https:\\\/\\\/licho.xyz\\\/wp-content\\\/uploads\\\/2021\\\/05\\\/zes_d_w.jpg\",\"contentUrl\":\"https:\\\/\\\/licho.xyz\\\/wp-content\\\/uploads\\\/2021\\\/05\\\/zes_d_w.jpg\",\"width\":616,\"height\":347},{\"@type\":\"BreadcrumbList\",\"@id\":\"https:\\\/\\\/licho.xyz\\\/index.php\\\/2021\\\/05\\\/23\\\/przypadek-judasza-iskarioty-czyli-o-zeslaniu-ducha-swietego\\\/#breadcrumb\",\"itemListElement\":[{\"@type\":\"ListItem\",\"position\":1,\"name\":\"Strona g\u0142\u00f3wna\",\"item\":\"https:\\\/\\\/licho.xyz\\\/\"},{\"@type\":\"ListItem\",\"position\":2,\"name\":\"Przypadek Judasza Iskarioty, czyli o zes\u0142aniu Ducha \u015awi\u0119tego\"}]},{\"@type\":\"WebSite\",\"@id\":\"https:\\\/\\\/licho.xyz\\\/#website\",\"url\":\"https:\\\/\\\/licho.xyz\\\/\",\"name\":\"S\u0142owo \u017bycia\",\"description\":\"Blog osobisty\",\"publisher\":{\"@id\":\"https:\\\/\\\/licho.xyz\\\/#\\\/schema\\\/person\\\/f49c8bc08dfb9e5c1d425a01465c53d7\"},\"potentialAction\":[{\"@type\":\"SearchAction\",\"target\":{\"@type\":\"EntryPoint\",\"urlTemplate\":\"https:\\\/\\\/licho.xyz\\\/?s={search_term_string}\"},\"query-input\":{\"@type\":\"PropertyValueSpecification\",\"valueRequired\":true,\"valueName\":\"search_term_string\"}}],\"inLanguage\":\"pl-PL\"},{\"@type\":[\"Person\",\"Organization\"],\"@id\":\"https:\\\/\\\/licho.xyz\\\/#\\\/schema\\\/person\\\/f49c8bc08dfb9e5c1d425a01465c53d7\",\"name\":\"xS\u0142awomir\",\"image\":{\"@type\":\"ImageObject\",\"inLanguage\":\"pl-PL\",\"@id\":\"https:\\\/\\\/licho.xyz\\\/wp-content\\\/uploads\\\/2026\\\/03\\\/304851364_420039680220434_1880032496013778360_n.jpg\",\"url\":\"https:\\\/\\\/licho.xyz\\\/wp-content\\\/uploads\\\/2026\\\/03\\\/304851364_420039680220434_1880032496013778360_n.jpg\",\"contentUrl\":\"https:\\\/\\\/licho.xyz\\\/wp-content\\\/uploads\\\/2026\\\/03\\\/304851364_420039680220434_1880032496013778360_n.jpg\",\"width\":1465,\"height\":1465,\"caption\":\"xS\u0142awomir\"},\"logo\":{\"@id\":\"https:\\\/\\\/licho.xyz\\\/wp-content\\\/uploads\\\/2026\\\/03\\\/304851364_420039680220434_1880032496013778360_n.jpg\"},\"sameAs\":[\"http:\\\/\\\/54.37.136.75\"],\"url\":\"https:\\\/\\\/licho.xyz\\\/index.php\\\/author\\\/lichos\\\/\"}]}<\/script>\n<!-- \/ Yoast SEO plugin. -->","yoast_head_json":{"title":"Przypadek Judasza Iskarioty, czyli o zes\u0142aniu Ducha \u015awi\u0119tego - S\u0142owo \u017bycia","robots":{"index":"index","follow":"follow","max-snippet":"max-snippet:-1","max-image-preview":"max-image-preview:large","max-video-preview":"max-video-preview:-1"},"canonical":"https:\/\/licho.xyz\/index.php\/2021\/05\/23\/przypadek-judasza-iskarioty-czyli-o-zeslaniu-ducha-swietego\/","og_locale":"pl_PL","og_type":"article","og_title":"Przypadek Judasza Iskarioty, czyli o zes\u0142aniu Ducha \u015awi\u0119tego - S\u0142owo \u017bycia","og_description":"Moc w s\u0142abo\u015bci si\u0119 doskonali. A cz\u0142owiek nie w\u0142asn\u0105 moc\u0105 zwyci\u0119\u017ca. Dzi\u015b zn\u00f3w do pos\u0142uchania.","og_url":"https:\/\/licho.xyz\/index.php\/2021\/05\/23\/przypadek-judasza-iskarioty-czyli-o-zeslaniu-ducha-swietego\/","og_site_name":"S\u0142owo \u017bycia","article_published_time":"2021-05-23T20:14:38+00:00","article_modified_time":"2021-05-23T21:24:08+00:00","og_image":[{"width":616,"height":347,"url":"https:\/\/licho.xyz\/wp-content\/uploads\/2021\/05\/zes_d_w.jpg","type":"image\/jpeg"}],"author":"xS\u0142awomir","twitter_card":"summary_large_image","twitter_misc":{"Napisane przez":"xS\u0142awomir"},"schema":{"@context":"https:\/\/schema.org","@graph":[{"@type":"Article","@id":"https:\/\/licho.xyz\/index.php\/2021\/05\/23\/przypadek-judasza-iskarioty-czyli-o-zeslaniu-ducha-swietego\/#article","isPartOf":{"@id":"https:\/\/licho.xyz\/index.php\/2021\/05\/23\/przypadek-judasza-iskarioty-czyli-o-zeslaniu-ducha-swietego\/"},"author":{"name":"xS\u0142awomir","@id":"https:\/\/licho.xyz\/#\/schema\/person\/f49c8bc08dfb9e5c1d425a01465c53d7"},"headline":"Przypadek Judasza Iskarioty, czyli o zes\u0142aniu Ducha \u015awi\u0119tego","datePublished":"2021-05-23T20:14:38+00:00","dateModified":"2021-05-23T21:24:08+00:00","mainEntityOfPage":{"@id":"https:\/\/licho.xyz\/index.php\/2021\/05\/23\/przypadek-judasza-iskarioty-czyli-o-zeslaniu-ducha-swietego\/"},"wordCount":36,"commentCount":3,"publisher":{"@id":"https:\/\/licho.xyz\/#\/schema\/person\/f49c8bc08dfb9e5c1d425a01465c53d7"},"image":{"@id":"https:\/\/licho.xyz\/index.php\/2021\/05\/23\/przypadek-judasza-iskarioty-czyli-o-zeslaniu-ducha-swietego\/#primaryimage"},"thumbnailUrl":"https:\/\/licho.xyz\/wp-content\/uploads\/2021\/05\/zes_d_w.jpg","inLanguage":"pl-PL","potentialAction":[{"@type":"CommentAction","name":"Comment","target":["https:\/\/licho.xyz\/index.php\/2021\/05\/23\/przypadek-judasza-iskarioty-czyli-o-zeslaniu-ducha-swietego\/#respond"]}]},{"@type":"WebPage","@id":"https:\/\/licho.xyz\/index.php\/2021\/05\/23\/przypadek-judasza-iskarioty-czyli-o-zeslaniu-ducha-swietego\/","url":"https:\/\/licho.xyz\/index.php\/2021\/05\/23\/przypadek-judasza-iskarioty-czyli-o-zeslaniu-ducha-swietego\/","name":"Przypadek Judasza Iskarioty, czyli o zes\u0142aniu Ducha \u015awi\u0119tego - S\u0142owo \u017bycia","isPartOf":{"@id":"https:\/\/licho.xyz\/#website"},"primaryImageOfPage":{"@id":"https:\/\/licho.xyz\/index.php\/2021\/05\/23\/przypadek-judasza-iskarioty-czyli-o-zeslaniu-ducha-swietego\/#primaryimage"},"image":{"@id":"https:\/\/licho.xyz\/index.php\/2021\/05\/23\/przypadek-judasza-iskarioty-czyli-o-zeslaniu-ducha-swietego\/#primaryimage"},"thumbnailUrl":"https:\/\/licho.xyz\/wp-content\/uploads\/2021\/05\/zes_d_w.jpg","datePublished":"2021-05-23T20:14:38+00:00","dateModified":"2021-05-23T21:24:08+00:00","breadcrumb":{"@id":"https:\/\/licho.xyz\/index.php\/2021\/05\/23\/przypadek-judasza-iskarioty-czyli-o-zeslaniu-ducha-swietego\/#breadcrumb"},"inLanguage":"pl-PL","potentialAction":[{"@type":"ReadAction","target":["https:\/\/licho.xyz\/index.php\/2021\/05\/23\/przypadek-judasza-iskarioty-czyli-o-zeslaniu-ducha-swietego\/"]}]},{"@type":"ImageObject","inLanguage":"pl-PL","@id":"https:\/\/licho.xyz\/index.php\/2021\/05\/23\/przypadek-judasza-iskarioty-czyli-o-zeslaniu-ducha-swietego\/#primaryimage","url":"https:\/\/licho.xyz\/wp-content\/uploads\/2021\/05\/zes_d_w.jpg","contentUrl":"https:\/\/licho.xyz\/wp-content\/uploads\/2021\/05\/zes_d_w.jpg","width":616,"height":347},{"@type":"BreadcrumbList","@id":"https:\/\/licho.xyz\/index.php\/2021\/05\/23\/przypadek-judasza-iskarioty-czyli-o-zeslaniu-ducha-swietego\/#breadcrumb","itemListElement":[{"@type":"ListItem","position":1,"name":"Strona g\u0142\u00f3wna","item":"https:\/\/licho.xyz\/"},{"@type":"ListItem","position":2,"name":"Przypadek Judasza Iskarioty, czyli o zes\u0142aniu Ducha \u015awi\u0119tego"}]},{"@type":"WebSite","@id":"https:\/\/licho.xyz\/#website","url":"https:\/\/licho.xyz\/","name":"S\u0142owo \u017bycia","description":"Blog osobisty","publisher":{"@id":"https:\/\/licho.xyz\/#\/schema\/person\/f49c8bc08dfb9e5c1d425a01465c53d7"},"potentialAction":[{"@type":"SearchAction","target":{"@type":"EntryPoint","urlTemplate":"https:\/\/licho.xyz\/?s={search_term_string}"},"query-input":{"@type":"PropertyValueSpecification","valueRequired":true,"valueName":"search_term_string"}}],"inLanguage":"pl-PL"},{"@type":["Person","Organization"],"@id":"https:\/\/licho.xyz\/#\/schema\/person\/f49c8bc08dfb9e5c1d425a01465c53d7","name":"xS\u0142awomir","image":{"@type":"ImageObject","inLanguage":"pl-PL","@id":"https:\/\/licho.xyz\/wp-content\/uploads\/2026\/03\/304851364_420039680220434_1880032496013778360_n.jpg","url":"https:\/\/licho.xyz\/wp-content\/uploads\/2026\/03\/304851364_420039680220434_1880032496013778360_n.jpg","contentUrl":"https:\/\/licho.xyz\/wp-content\/uploads\/2026\/03\/304851364_420039680220434_1880032496013778360_n.jpg","width":1465,"height":1465,"caption":"xS\u0142awomir"},"logo":{"@id":"https:\/\/licho.xyz\/wp-content\/uploads\/2026\/03\/304851364_420039680220434_1880032496013778360_n.jpg"},"sameAs":["http:\/\/54.37.136.75"],"url":"https:\/\/licho.xyz\/index.php\/author\/lichos\/"}]}},"_links":{"self":[{"href":"https:\/\/licho.xyz\/index.php\/wp-json\/wp\/v2\/posts\/282","targetHints":{"allow":["GET"]}}],"collection":[{"href":"https:\/\/licho.xyz\/index.php\/wp-json\/wp\/v2\/posts"}],"about":[{"href":"https:\/\/licho.xyz\/index.php\/wp-json\/wp\/v2\/types\/post"}],"author":[{"embeddable":true,"href":"https:\/\/licho.xyz\/index.php\/wp-json\/wp\/v2\/users\/1"}],"replies":[{"embeddable":true,"href":"https:\/\/licho.xyz\/index.php\/wp-json\/wp\/v2\/comments?post=282"}],"version-history":[{"count":2,"href":"https:\/\/licho.xyz\/index.php\/wp-json\/wp\/v2\/posts\/282\/revisions"}],"predecessor-version":[{"id":285,"href":"https:\/\/licho.xyz\/index.php\/wp-json\/wp\/v2\/posts\/282\/revisions\/285"}],"wp:featuredmedia":[{"embeddable":true,"href":"https:\/\/licho.xyz\/index.php\/wp-json\/wp\/v2\/media\/283"}],"wp:attachment":[{"href":"https:\/\/licho.xyz\/index.php\/wp-json\/wp\/v2\/media?parent=282"}],"wp:term":[{"taxonomy":"category","embeddable":true,"href":"https:\/\/licho.xyz\/index.php\/wp-json\/wp\/v2\/categories?post=282"},{"taxonomy":"post_tag","embeddable":true,"href":"https:\/\/licho.xyz\/index.php\/wp-json\/wp\/v2\/tags?post=282"}],"curies":[{"name":"wp","href":"https:\/\/api.w.org\/{rel}","templated":true}]}}