{"id":310,"date":"2021-09-05T19:51:00","date_gmt":"2021-09-05T17:51:00","guid":{"rendered":"https:\/\/licho.xyz\/?p=310"},"modified":"2021-09-05T21:36:05","modified_gmt":"2021-09-05T19:36:05","slug":"effatha-czyli-o-palcach-w-uszach","status":"publish","type":"post","link":"https:\/\/licho.xyz\/index.php\/2021\/09\/05\/effatha-czyli-o-palcach-w-uszach\/","title":{"rendered":"Effatha, czyli o palcach w uszach"},"content":{"rendered":"<p><em>Jezus opu\u015bci\u0142 okolice Tyru i przez Sydon przyszed\u0142 nad Jezioro Galilejskie, przemierzaj\u0105c posiad\u0142o\u015bci Dekapolu. Przyprowadzili Mu g\u0142uchoniemego i prosili Go, \u017ceby po\u0142o\u017cy\u0142 na niego r\u0119k\u0119. On wzi\u0105\u0142 go na bok, z dala od t\u0142umu, w\u0142o\u017cy\u0142 palce w jego uszy i \u015blin\u0105 dotkn\u0105\u0142 mu j\u0119zyka; a spojrzawszy w niebo, westchn\u0105\u0142 i rzek\u0142 do niego: &#8222;Effatha&#8221;, to znaczy: Otw\u00f3rz si\u0119. Zaraz otworzy\u0142y si\u0119 jego uszy, wi\u0119zy j\u0119zyka si\u0119 rozwi\u0105za\u0142y i m\u00f3g\u0142 prawid\u0142owo m\u00f3wi\u0107. Jezus przykaza\u0142 im, \u017ceby nikomu nie m\u00f3wili. Lecz im bardziej przykazywa\u0142, tym gorliwiej to rozg\u0142aszali. I przepe\u0142nieni zdumieniem m\u00f3wili: &#8222;Dobrze wszystko uczyni\u0142. Nawet g\u0142uchym s\u0142uch przywraca i niemym mow\u0119&#8221;.<\/em><\/p>\n<p>Jest w Ewangelii wiele cudownych uzdrowie\u0144. Jest na przyk\u0142ad opis uzdrowienia s\u0142ugi rzymskiego setnika. To ta historia, w kt\u00f3rej setnik staje przed Jezusem i m\u00f3wi \u201ePanie, nie jestem godzien, aby\u015b przyszed\u0142 do mnie.\u201d I Jezus rzeczywi\u015bcie nie idzie do domu setnika. Nie widzi chorego na oczy, nie dotyka go, nie ma\u017ce \u015blin\u0105, nie wypowiada tajemniczych s\u0142\u00f3w. \u00a0\u201eId\u017a do domu, niech tak b\u0119dzie.\u201d I s\u0142uga zostaje uzdrowiony.<\/p>\n<p>Wi\u0119c po co to wszystko, o czym czytamy w dzisiejszej Ewangelii? Te palce w\u0142o\u017cone do uszu, \u015blina, te westchnienia i szepty? Po co te \u201eczary\u201d? Czy Jezus potrzebowa\u0142 tych \u201ezakl\u0119\u0107\u201d, by uzdrowi\u0107 cz\u0142owieka? Nie wystarczy\u0142a sama Jego boska wola? Czy to mo\u017ce choroba by\u0142a gorsza?<\/p>\n<p>My\u015bl\u0119, \u017ce kluczem do tej zagadki jest w\u0142a\u015bnie to \u201eEffatha\u201d. Nie, to nie by\u0142o zakl\u0119cie otwieraj\u0105ce uczy i usta g\u0142uchoniemego. To by\u0142a pro\u015bba, a zarazem i katecheza dla nas. Otw\u00f3rz si\u0119 \u2013 nie skierowane do uszu czy j\u0119zyka, ale do umys\u0142u i serca cz\u0142owieka. Otw\u00f3rz si\u0119 na Mnie, kt\u00f3ry jestem obok ciebie. Dok\u0142adnie tym samym by\u0142y te palce w\u0142o\u017cone do uszu, ta Jezusowa \u015blina na j\u0119zyku chorego. Cielesne s\u0142owa \u2013 Cia\u0142o m\u00f3wi\u0142o do cia\u0142a \u2013 otw\u00f3rz si\u0119! I cz\u0142owiek si\u0119 otworzy\u0142. Ca\u0142y cz\u0142owiek &#8211; cia\u0142o, umys\u0142 i serce, zosta\u0142 uzdrowiony.<\/p>\n<p>I w tym ca\u0142a rzecz \u2013 chodzi o ca\u0142o\u015b\u0107 cz\u0142owiecze\u0144stwa. Czasami, nawet cz\u0119sto, ludzie my\u015bl\u0105, \u017ce wiara to co\u015b, co dotyczy ducha. Mo\u017ce czasem do tego ducha, inaczej zwanego sercem, do\u0142o\u017c\u0105 jeszcze umys\u0142. Ale cia\u0142o? Cia\u0142o nale\u017cy do doczesno\u015bci. Cia\u0142a wiara nie dotyczy. Cia\u0142o nie wierzy, nie modli si\u0119, nie obcuje z Bogiem, tylko serce i umys\u0142. I to jest fatalny b\u0142\u0105d. Fatalny, i op\u0142akany w skutkach. Ot\u00f3\u017c cz\u0142owiek musi by\u0107 ca\u0142y. Musi ca\u0142y wierzy\u0107 \u2013 nie tylko umys\u0142, nie duch tylko, ale i cia\u0142o. Inaczej to nie zadzia\u0142a. Wiara si\u0119 rozleci, i cz\u0142owiek si\u0119 rozpadnie.<\/p>\n<p>Dzi\u015b ludzie si\u0119 rozwarstwili. Mo\u017ce dlatego s\u0105 tacy zagubieni? Zdezintegrowani\u2026 A przecie\u017c Ewangelia, m\u0105dro\u015b\u0107 Ko\u015bcio\u0142a, \u015awi\u0119ta Liturgia, tak pi\u0119knie pr\u00f3buj\u0105 nas zintegrowa\u0107 na nowo. Posk\u0142ada\u0107. Nie tylko posk\u0142ada\u0107 po\u0142amane serca, bo to za ma\u0142o. Nie tylko umys\u0142, rozsypany jak puzzle. Do tego procesu uzdrawiania trzeba Bogu odda\u0107 i cia\u0142o.<\/p>\n<p>S\u0142owo sta\u0142o si\u0119 Cia\u0142em, i zamieszka\u0142o po\u015br\u00f3d nas. Cia\u0142em swoim uczyni\u0142o chleb na o\u0142tarzu, i cia\u0142a nasze nim karmi. Ka\u017cdy sakrament to s\u0142owo i gest: woda chrztu sp\u0142ywaj\u0105ca po sk\u00f3rze, olej namaszczenia chorych, s\u0142owa rozgrzeszenia wyszeptane Ci do ucha, tak blisko\u2026 B\u00f3g obcuje z ca\u0142ym cz\u0142owiekiem. Wi\u0119c je\u015bli chcesz Go do\u015bwiadczy\u0107, do\u015bwiadczy\u0107 w pe\u0142ni Jego obecno\u015bci i mocy dzia\u0142ania, niech Twoje cia\u0142o zacznie si\u0119 modli\u0107.<\/p>\n<p>Jak? Zwyczajnie, liturgia i tradycja Ko\u015bcio\u0142a tego ucz\u0105: ukl\u0119knij przed swoim Bogiem! Ukl\u0119knij normalnie, na oba kolana, jak trzeba \u2013 Twoje cia\u0142o tak si\u0119 modli. Zadbaj o gesty, znak krzy\u017ca, z\u0142o\u017cone r\u0119ce. Uszanuj z najwy\u017csz\u0105 czci\u0105 fizyczn\u0105, cielesn\u0105 Posta\u0107 Boga Eucharystycznego. Nie chodzi tylko o to, by\u015b o Bogu pi\u0119knie i nabo\u017cnie my\u015bla\u0142. Twoje cia\u0142o te\u017c musi t\u0119 modlitw\u0119 poczu\u0107, te\u017c chce si\u0119 modli\u0107. A jak wejdziesz w modlitw\u0119 osobist\u0105 czy liturgiczn\u0105 ca\u0142y, to wtedy si\u0119 otworzysz. Odpowiesz na Jezusowe \u201eeffatha\u201d, i cud si\u0119 dokona.<\/p>\n<p>Ale dzi\u015b ludzie nie chc\u0105 kl\u0119ka\u0107&#8230;<\/p>\n<p>A kiedy\u015b napisz\u0119 o po\u015bcie. To te\u017c bardzo ciekawy i wa\u017cny temat. Wy\u017csza Szko\u0142a Modlitwy Cia\u0142a.<\/p>\n","protected":false},"excerpt":{"rendered":"<p>Jezus opu\u015bci\u0142 okolice Tyru i przez Sydon przyszed\u0142 nad Jezioro Galilejskie, przemierzaj\u0105c posiad\u0142o\u015bci Dekapolu. Przyprowadzili Mu g\u0142uchoniemego i prosili Go,&hellip;<\/p>\n","protected":false},"author":1,"featured_media":312,"comment_status":"open","ping_status":"open","sticky":false,"template":"","format":"standard","meta":{"footnotes":""},"categories":[1],"tags":[],"class_list":["post-310","post","type-post","status-publish","format-standard","has-post-thumbnail","hentry","category-bez-kategorii"],"yoast_head":"<!-- This site is optimized with the Yoast SEO plugin v27.3 - https:\/\/yoast.com\/product\/yoast-seo-wordpress\/ -->\n<title>Effatha, czyli o palcach w uszach - S\u0142owo \u017bycia<\/title>\n<meta name=\"robots\" content=\"index, follow, max-snippet:-1, max-image-preview:large, max-video-preview:-1\" \/>\n<link rel=\"canonical\" href=\"https:\/\/licho.xyz\/index.php\/2021\/09\/05\/effatha-czyli-o-palcach-w-uszach\/\" \/>\n<meta property=\"og:locale\" content=\"pl_PL\" \/>\n<meta property=\"og:type\" content=\"article\" \/>\n<meta property=\"og:title\" content=\"Effatha, czyli o palcach w uszach - S\u0142owo \u017bycia\" \/>\n<meta property=\"og:description\" content=\"Jezus opu\u015bci\u0142 okolice Tyru i przez Sydon przyszed\u0142 nad Jezioro Galilejskie, przemierzaj\u0105c posiad\u0142o\u015bci Dekapolu. Przyprowadzili Mu g\u0142uchoniemego i prosili Go,&hellip;\" \/>\n<meta property=\"og:url\" content=\"https:\/\/licho.xyz\/index.php\/2021\/09\/05\/effatha-czyli-o-palcach-w-uszach\/\" \/>\n<meta property=\"og:site_name\" content=\"S\u0142owo \u017bycia\" \/>\n<meta property=\"article:published_time\" content=\"2021-09-05T17:51:00+00:00\" \/>\n<meta property=\"article:modified_time\" content=\"2021-09-05T19:36:05+00:00\" \/>\n<meta property=\"og:image\" content=\"https:\/\/licho.xyz\/wp-content\/uploads\/2021\/09\/unnamed.jpg\" \/>\n\t<meta property=\"og:image:width\" content=\"512\" \/>\n\t<meta property=\"og:image:height\" content=\"288\" \/>\n\t<meta property=\"og:image:type\" content=\"image\/jpeg\" \/>\n<meta name=\"author\" content=\"xS\u0142awomir\" \/>\n<meta name=\"twitter:card\" content=\"summary_large_image\" \/>\n<meta name=\"twitter:label1\" content=\"Napisane przez\" \/>\n\t<meta name=\"twitter:data1\" content=\"xS\u0142awomir\" \/>\n\t<meta name=\"twitter:label2\" content=\"Szacowany czas czytania\" \/>\n\t<meta name=\"twitter:data2\" content=\"4 minuty\" \/>\n<script type=\"application\/ld+json\" class=\"yoast-schema-graph\">{\"@context\":\"https:\\\/\\\/schema.org\",\"@graph\":[{\"@type\":\"Article\",\"@id\":\"https:\\\/\\\/licho.xyz\\\/index.php\\\/2021\\\/09\\\/05\\\/effatha-czyli-o-palcach-w-uszach\\\/#article\",\"isPartOf\":{\"@id\":\"https:\\\/\\\/licho.xyz\\\/index.php\\\/2021\\\/09\\\/05\\\/effatha-czyli-o-palcach-w-uszach\\\/\"},\"author\":{\"name\":\"xS\u0142awomir\",\"@id\":\"https:\\\/\\\/licho.xyz\\\/#\\\/schema\\\/person\\\/f49c8bc08dfb9e5c1d425a01465c53d7\"},\"headline\":\"Effatha, czyli o palcach w uszach\",\"datePublished\":\"2021-09-05T17:51:00+00:00\",\"dateModified\":\"2021-09-05T19:36:05+00:00\",\"mainEntityOfPage\":{\"@id\":\"https:\\\/\\\/licho.xyz\\\/index.php\\\/2021\\\/09\\\/05\\\/effatha-czyli-o-palcach-w-uszach\\\/\"},\"wordCount\":773,\"commentCount\":0,\"publisher\":{\"@id\":\"https:\\\/\\\/licho.xyz\\\/#\\\/schema\\\/person\\\/f49c8bc08dfb9e5c1d425a01465c53d7\"},\"image\":{\"@id\":\"https:\\\/\\\/licho.xyz\\\/index.php\\\/2021\\\/09\\\/05\\\/effatha-czyli-o-palcach-w-uszach\\\/#primaryimage\"},\"thumbnailUrl\":\"https:\\\/\\\/licho.xyz\\\/wp-content\\\/uploads\\\/2021\\\/09\\\/unnamed.jpg\",\"inLanguage\":\"pl-PL\",\"potentialAction\":[{\"@type\":\"CommentAction\",\"name\":\"Comment\",\"target\":[\"https:\\\/\\\/licho.xyz\\\/index.php\\\/2021\\\/09\\\/05\\\/effatha-czyli-o-palcach-w-uszach\\\/#respond\"]}]},{\"@type\":\"WebPage\",\"@id\":\"https:\\\/\\\/licho.xyz\\\/index.php\\\/2021\\\/09\\\/05\\\/effatha-czyli-o-palcach-w-uszach\\\/\",\"url\":\"https:\\\/\\\/licho.xyz\\\/index.php\\\/2021\\\/09\\\/05\\\/effatha-czyli-o-palcach-w-uszach\\\/\",\"name\":\"Effatha, czyli o palcach w uszach - S\u0142owo \u017bycia\",\"isPartOf\":{\"@id\":\"https:\\\/\\\/licho.xyz\\\/#website\"},\"primaryImageOfPage\":{\"@id\":\"https:\\\/\\\/licho.xyz\\\/index.php\\\/2021\\\/09\\\/05\\\/effatha-czyli-o-palcach-w-uszach\\\/#primaryimage\"},\"image\":{\"@id\":\"https:\\\/\\\/licho.xyz\\\/index.php\\\/2021\\\/09\\\/05\\\/effatha-czyli-o-palcach-w-uszach\\\/#primaryimage\"},\"thumbnailUrl\":\"https:\\\/\\\/licho.xyz\\\/wp-content\\\/uploads\\\/2021\\\/09\\\/unnamed.jpg\",\"datePublished\":\"2021-09-05T17:51:00+00:00\",\"dateModified\":\"2021-09-05T19:36:05+00:00\",\"breadcrumb\":{\"@id\":\"https:\\\/\\\/licho.xyz\\\/index.php\\\/2021\\\/09\\\/05\\\/effatha-czyli-o-palcach-w-uszach\\\/#breadcrumb\"},\"inLanguage\":\"pl-PL\",\"potentialAction\":[{\"@type\":\"ReadAction\",\"target\":[\"https:\\\/\\\/licho.xyz\\\/index.php\\\/2021\\\/09\\\/05\\\/effatha-czyli-o-palcach-w-uszach\\\/\"]}]},{\"@type\":\"ImageObject\",\"inLanguage\":\"pl-PL\",\"@id\":\"https:\\\/\\\/licho.xyz\\\/index.php\\\/2021\\\/09\\\/05\\\/effatha-czyli-o-palcach-w-uszach\\\/#primaryimage\",\"url\":\"https:\\\/\\\/licho.xyz\\\/wp-content\\\/uploads\\\/2021\\\/09\\\/unnamed.jpg\",\"contentUrl\":\"https:\\\/\\\/licho.xyz\\\/wp-content\\\/uploads\\\/2021\\\/09\\\/unnamed.jpg\",\"width\":512,\"height\":288},{\"@type\":\"BreadcrumbList\",\"@id\":\"https:\\\/\\\/licho.xyz\\\/index.php\\\/2021\\\/09\\\/05\\\/effatha-czyli-o-palcach-w-uszach\\\/#breadcrumb\",\"itemListElement\":[{\"@type\":\"ListItem\",\"position\":1,\"name\":\"Strona g\u0142\u00f3wna\",\"item\":\"https:\\\/\\\/licho.xyz\\\/\"},{\"@type\":\"ListItem\",\"position\":2,\"name\":\"Effatha, czyli o palcach w uszach\"}]},{\"@type\":\"WebSite\",\"@id\":\"https:\\\/\\\/licho.xyz\\\/#website\",\"url\":\"https:\\\/\\\/licho.xyz\\\/\",\"name\":\"S\u0142owo \u017bycia\",\"description\":\"Blog osobisty\",\"publisher\":{\"@id\":\"https:\\\/\\\/licho.xyz\\\/#\\\/schema\\\/person\\\/f49c8bc08dfb9e5c1d425a01465c53d7\"},\"potentialAction\":[{\"@type\":\"SearchAction\",\"target\":{\"@type\":\"EntryPoint\",\"urlTemplate\":\"https:\\\/\\\/licho.xyz\\\/?s={search_term_string}\"},\"query-input\":{\"@type\":\"PropertyValueSpecification\",\"valueRequired\":true,\"valueName\":\"search_term_string\"}}],\"inLanguage\":\"pl-PL\"},{\"@type\":[\"Person\",\"Organization\"],\"@id\":\"https:\\\/\\\/licho.xyz\\\/#\\\/schema\\\/person\\\/f49c8bc08dfb9e5c1d425a01465c53d7\",\"name\":\"xS\u0142awomir\",\"image\":{\"@type\":\"ImageObject\",\"inLanguage\":\"pl-PL\",\"@id\":\"https:\\\/\\\/licho.xyz\\\/wp-content\\\/uploads\\\/2026\\\/03\\\/304851364_420039680220434_1880032496013778360_n.jpg\",\"url\":\"https:\\\/\\\/licho.xyz\\\/wp-content\\\/uploads\\\/2026\\\/03\\\/304851364_420039680220434_1880032496013778360_n.jpg\",\"contentUrl\":\"https:\\\/\\\/licho.xyz\\\/wp-content\\\/uploads\\\/2026\\\/03\\\/304851364_420039680220434_1880032496013778360_n.jpg\",\"width\":1465,\"height\":1465,\"caption\":\"xS\u0142awomir\"},\"logo\":{\"@id\":\"https:\\\/\\\/licho.xyz\\\/wp-content\\\/uploads\\\/2026\\\/03\\\/304851364_420039680220434_1880032496013778360_n.jpg\"},\"sameAs\":[\"http:\\\/\\\/54.37.136.75\"],\"url\":\"https:\\\/\\\/licho.xyz\\\/index.php\\\/author\\\/lichos\\\/\"}]}<\/script>\n<!-- \/ Yoast SEO plugin. -->","yoast_head_json":{"title":"Effatha, czyli o palcach w uszach - S\u0142owo \u017bycia","robots":{"index":"index","follow":"follow","max-snippet":"max-snippet:-1","max-image-preview":"max-image-preview:large","max-video-preview":"max-video-preview:-1"},"canonical":"https:\/\/licho.xyz\/index.php\/2021\/09\/05\/effatha-czyli-o-palcach-w-uszach\/","og_locale":"pl_PL","og_type":"article","og_title":"Effatha, czyli o palcach w uszach - S\u0142owo \u017bycia","og_description":"Jezus opu\u015bci\u0142 okolice Tyru i przez Sydon przyszed\u0142 nad Jezioro Galilejskie, przemierzaj\u0105c posiad\u0142o\u015bci Dekapolu. Przyprowadzili Mu g\u0142uchoniemego i prosili Go,&hellip;","og_url":"https:\/\/licho.xyz\/index.php\/2021\/09\/05\/effatha-czyli-o-palcach-w-uszach\/","og_site_name":"S\u0142owo \u017bycia","article_published_time":"2021-09-05T17:51:00+00:00","article_modified_time":"2021-09-05T19:36:05+00:00","og_image":[{"width":512,"height":288,"url":"https:\/\/licho.xyz\/wp-content\/uploads\/2021\/09\/unnamed.jpg","type":"image\/jpeg"}],"author":"xS\u0142awomir","twitter_card":"summary_large_image","twitter_misc":{"Napisane przez":"xS\u0142awomir","Szacowany czas czytania":"4 minuty"},"schema":{"@context":"https:\/\/schema.org","@graph":[{"@type":"Article","@id":"https:\/\/licho.xyz\/index.php\/2021\/09\/05\/effatha-czyli-o-palcach-w-uszach\/#article","isPartOf":{"@id":"https:\/\/licho.xyz\/index.php\/2021\/09\/05\/effatha-czyli-o-palcach-w-uszach\/"},"author":{"name":"xS\u0142awomir","@id":"https:\/\/licho.xyz\/#\/schema\/person\/f49c8bc08dfb9e5c1d425a01465c53d7"},"headline":"Effatha, czyli o palcach w uszach","datePublished":"2021-09-05T17:51:00+00:00","dateModified":"2021-09-05T19:36:05+00:00","mainEntityOfPage":{"@id":"https:\/\/licho.xyz\/index.php\/2021\/09\/05\/effatha-czyli-o-palcach-w-uszach\/"},"wordCount":773,"commentCount":0,"publisher":{"@id":"https:\/\/licho.xyz\/#\/schema\/person\/f49c8bc08dfb9e5c1d425a01465c53d7"},"image":{"@id":"https:\/\/licho.xyz\/index.php\/2021\/09\/05\/effatha-czyli-o-palcach-w-uszach\/#primaryimage"},"thumbnailUrl":"https:\/\/licho.xyz\/wp-content\/uploads\/2021\/09\/unnamed.jpg","inLanguage":"pl-PL","potentialAction":[{"@type":"CommentAction","name":"Comment","target":["https:\/\/licho.xyz\/index.php\/2021\/09\/05\/effatha-czyli-o-palcach-w-uszach\/#respond"]}]},{"@type":"WebPage","@id":"https:\/\/licho.xyz\/index.php\/2021\/09\/05\/effatha-czyli-o-palcach-w-uszach\/","url":"https:\/\/licho.xyz\/index.php\/2021\/09\/05\/effatha-czyli-o-palcach-w-uszach\/","name":"Effatha, czyli o palcach w uszach - S\u0142owo \u017bycia","isPartOf":{"@id":"https:\/\/licho.xyz\/#website"},"primaryImageOfPage":{"@id":"https:\/\/licho.xyz\/index.php\/2021\/09\/05\/effatha-czyli-o-palcach-w-uszach\/#primaryimage"},"image":{"@id":"https:\/\/licho.xyz\/index.php\/2021\/09\/05\/effatha-czyli-o-palcach-w-uszach\/#primaryimage"},"thumbnailUrl":"https:\/\/licho.xyz\/wp-content\/uploads\/2021\/09\/unnamed.jpg","datePublished":"2021-09-05T17:51:00+00:00","dateModified":"2021-09-05T19:36:05+00:00","breadcrumb":{"@id":"https:\/\/licho.xyz\/index.php\/2021\/09\/05\/effatha-czyli-o-palcach-w-uszach\/#breadcrumb"},"inLanguage":"pl-PL","potentialAction":[{"@type":"ReadAction","target":["https:\/\/licho.xyz\/index.php\/2021\/09\/05\/effatha-czyli-o-palcach-w-uszach\/"]}]},{"@type":"ImageObject","inLanguage":"pl-PL","@id":"https:\/\/licho.xyz\/index.php\/2021\/09\/05\/effatha-czyli-o-palcach-w-uszach\/#primaryimage","url":"https:\/\/licho.xyz\/wp-content\/uploads\/2021\/09\/unnamed.jpg","contentUrl":"https:\/\/licho.xyz\/wp-content\/uploads\/2021\/09\/unnamed.jpg","width":512,"height":288},{"@type":"BreadcrumbList","@id":"https:\/\/licho.xyz\/index.php\/2021\/09\/05\/effatha-czyli-o-palcach-w-uszach\/#breadcrumb","itemListElement":[{"@type":"ListItem","position":1,"name":"Strona g\u0142\u00f3wna","item":"https:\/\/licho.xyz\/"},{"@type":"ListItem","position":2,"name":"Effatha, czyli o palcach w uszach"}]},{"@type":"WebSite","@id":"https:\/\/licho.xyz\/#website","url":"https:\/\/licho.xyz\/","name":"S\u0142owo \u017bycia","description":"Blog osobisty","publisher":{"@id":"https:\/\/licho.xyz\/#\/schema\/person\/f49c8bc08dfb9e5c1d425a01465c53d7"},"potentialAction":[{"@type":"SearchAction","target":{"@type":"EntryPoint","urlTemplate":"https:\/\/licho.xyz\/?s={search_term_string}"},"query-input":{"@type":"PropertyValueSpecification","valueRequired":true,"valueName":"search_term_string"}}],"inLanguage":"pl-PL"},{"@type":["Person","Organization"],"@id":"https:\/\/licho.xyz\/#\/schema\/person\/f49c8bc08dfb9e5c1d425a01465c53d7","name":"xS\u0142awomir","image":{"@type":"ImageObject","inLanguage":"pl-PL","@id":"https:\/\/licho.xyz\/wp-content\/uploads\/2026\/03\/304851364_420039680220434_1880032496013778360_n.jpg","url":"https:\/\/licho.xyz\/wp-content\/uploads\/2026\/03\/304851364_420039680220434_1880032496013778360_n.jpg","contentUrl":"https:\/\/licho.xyz\/wp-content\/uploads\/2026\/03\/304851364_420039680220434_1880032496013778360_n.jpg","width":1465,"height":1465,"caption":"xS\u0142awomir"},"logo":{"@id":"https:\/\/licho.xyz\/wp-content\/uploads\/2026\/03\/304851364_420039680220434_1880032496013778360_n.jpg"},"sameAs":["http:\/\/54.37.136.75"],"url":"https:\/\/licho.xyz\/index.php\/author\/lichos\/"}]}},"_links":{"self":[{"href":"https:\/\/licho.xyz\/index.php\/wp-json\/wp\/v2\/posts\/310","targetHints":{"allow":["GET"]}}],"collection":[{"href":"https:\/\/licho.xyz\/index.php\/wp-json\/wp\/v2\/posts"}],"about":[{"href":"https:\/\/licho.xyz\/index.php\/wp-json\/wp\/v2\/types\/post"}],"author":[{"embeddable":true,"href":"https:\/\/licho.xyz\/index.php\/wp-json\/wp\/v2\/users\/1"}],"replies":[{"embeddable":true,"href":"https:\/\/licho.xyz\/index.php\/wp-json\/wp\/v2\/comments?post=310"}],"version-history":[{"count":3,"href":"https:\/\/licho.xyz\/index.php\/wp-json\/wp\/v2\/posts\/310\/revisions"}],"predecessor-version":[{"id":316,"href":"https:\/\/licho.xyz\/index.php\/wp-json\/wp\/v2\/posts\/310\/revisions\/316"}],"wp:featuredmedia":[{"embeddable":true,"href":"https:\/\/licho.xyz\/index.php\/wp-json\/wp\/v2\/media\/312"}],"wp:attachment":[{"href":"https:\/\/licho.xyz\/index.php\/wp-json\/wp\/v2\/media?parent=310"}],"wp:term":[{"taxonomy":"category","embeddable":true,"href":"https:\/\/licho.xyz\/index.php\/wp-json\/wp\/v2\/categories?post=310"},{"taxonomy":"post_tag","embeddable":true,"href":"https:\/\/licho.xyz\/index.php\/wp-json\/wp\/v2\/tags?post=310"}],"curies":[{"name":"wp","href":"https:\/\/api.w.org\/{rel}","templated":true}]}}