{"id":346,"date":"2021-11-11T19:41:53","date_gmt":"2021-11-11T18:41:53","guid":{"rendered":"https:\/\/licho.xyz\/?p=346"},"modified":"2021-11-11T19:45:32","modified_gmt":"2021-11-11T18:45:32","slug":"swieto-wolnosci-czyli-kim-jest-czlowiek","status":"publish","type":"post","link":"https:\/\/licho.xyz\/index.php\/2021\/11\/11\/swieto-wolnosci-czyli-kim-jest-czlowiek\/","title":{"rendered":"\u015awi\u0119to wolno\u015bci, czyli kim jest cz\u0142owiek"},"content":{"rendered":"<p style=\"text-align: center;\"><em>Gdy patrz\u0119 na Twe niebo, dzie\u0142o Twych palc\u00f3w,<\/em><br \/>\n<em>ksi\u0119\u017cyc i gwiazdy, kt\u00f3re\u015b Ty utwierdzi\u0142:<\/em><br \/>\n<em>czym jest cz\u0142owiek, \u017ce o nim pami\u0119tasz,<\/em><br \/>\n<em>i czym &#8211; syn cz\u0142owieczy, \u017ce nim si\u0119 zajmujesz?<\/em><\/p>\n<p>To fragment jednego z moich ulubionych psalm\u00f3w. Jest to tak\u017ce niezwykle wa\u017cne pytanie. Zw\u0142aszcza w dzisiejszych czasach, w \u015bwiecie cz\u0142owieka zagubionego totalnie. W \u015bwiecie cz\u0142owieka, kt\u00f3ry patrz\u0105c w lustro, nie wie co w\u0142a\u015bciwie widzi. Cz\u0142owieka, kt\u00f3ry mijaj\u0105c na ulicy psy, koty i innych ludzi, coraz cz\u0119\u015bciej przestaje widzie\u0107 r\u00f3\u017cnic\u0119. Nie rozumie i nie szanuje siebie, nie rozumie i nie szanuje innych.<\/p>\n<p>To wa\u017cne pytanie, dlatego Bo\u017ca odpowied\u017a na nie jest na samym pocz\u0105tku Biblii. Na samym pocz\u0105tku, w Ksi\u0119dze Rodzaju, B\u00f3g opowiada nam, kim jeste\u015bmy.<\/p>\n<p><em>Rzek\u0142 B\u00f3g &#8211; \u00abUczy\u0144my cz\u0142owieka na Nasz obraz, podobnego Nam. Niech panuje nad rybami morskimi, nad ptactwem powietrznym, nad byd\u0142em, nad ziemi\u0105 i nad wszystkimi zwierz\u0119tami pe\u0142zaj\u0105cymi po ziemi!\u00bb Stworzy\u0142 wi\u0119c B\u00f3g cz\u0142owieka na sw\u00f3j obraz, na obraz Bo\u017cy go stworzy\u0142.<\/em><\/p>\n<p>B\u00f3g z gar\u015bci ziemi \u2013 materii tego \u015bwiata \u2013 uczyni\u0142 co\u015b podobnego do Siebie. Jest pewnie dla Ciebie oczywiste, \u017ce nie jest to podobie\u0144stwo fizyczne. Stw\u00f3rca nie mia\u0142 r\u0105k, n\u00f3g, czy d\u0142ugiej, siwej brody. Nasze cia\u0142a natomiast s\u0105 cia\u0142ami zwierz\u0119cymi. Gdy je otworzy\u0107, nie znajdziemy w nich niczego, czego nie znale\u017aliby\u015bmy w cia\u0142ach innych zwierz\u0105t. R\u00f3\u017cnica nie le\u017cy te\u017c w naszej inteligencji \u2013 jest wiele zwierz\u0105t niezwykle inteligentnych, cz\u0119sto spotykamy te\u017c niezwykle g\u0142upich ludzi. Zatem gdzie to nasze podobie\u0144stwo do Boga? Gdzie to co\u015b, co r\u00f3\u017cni nas od zwierz\u0105t, od ca\u0142ej reszty stworzenia?<\/p>\n<p>Ot\u00f3\u017c chodzi o wolno\u015b\u0107. Cz\u0142owiek jest wolny. A w\u0142a\u015bciwie zdolny do wolno\u015bci. Zwierz\u0119ta poddane s\u0105 instynktom, pop\u0119dom. S\u0105 od nich w pe\u0142ni zale\u017cne. Oczywi\u015bcie cz\u0142owiek te\u017c je posiada, ale ma te\u017c (oczywi\u015bcie cz\u0142owiek niezniszczony, nieupodlony, nie zdeprawowany) \u015bwiadomo\u015b\u0107 i g\u0142\u0119bokie przekonanie, \u017ce nad swymi pop\u0119dami mo\u017ce, i powinien panowa\u0107. \u017be mo\u017ce, i powinien, \u015bwiadomie decydowa\u0107. \u017be musi by\u0107 panem samego siebie, a nie zwierzem reaguj\u0105cym odruchowo na bod\u017ace ze \u015bwiata. A p\u00f3\u017aniej ta \u015bwiadomo\u015b\u0107, to pragnienie bycia wolnym, emanuje na zewn\u0105trz cz\u0142owieka. Na \u015bwiat w kt\u00f3rym \u017cyje, i kt\u00f3ry wok\u00f3\u0142 siebie buduje. Panuj nad \u015bwiatem, nad zwierz\u0119tami, ty nadaj im imiona \u2013 powiedzia\u0142 cz\u0142owiekowi B\u00f3g. Ty b\u0119dziesz decydowa\u0142, a one b\u0119d\u0105 tobie pos\u0142uszne. To b\u0119dzie tw\u00f3j \u015bwiat! To b\u0119dzie tw\u00f3j dom! Tak stworzy\u0142 nas B\u00f3g.<\/p>\n<p>Dzi\u015b 11 listopada. Kolejne \u015awi\u0119to Niepodleg\u0142o\u015bci.<\/p>\n<p>Niekt\u00f3rzy pytaj\u0105 po co. Po co ta ca\u0142a niepodleg\u0142o\u015b\u0107. Co za r\u00f3\u017cnica jaka flaga, jaki hymn? Co za r\u00f3\u017cnica, czy prawo, kt\u00f3rego mamy przestrzega\u0107, b\u0119d\u0105 stanowi\u0107 w Warszawie ci, kt\u00f3rych my wybierzemy, i do Warszawy po\u015blemy, czy mo\u017ce w jakiej\u015b innej stolicy kto\u015b obcy b\u0119dzie decydowa\u0142, nie pytaj\u0105c nas o zdanie? Czy to nie wszystko jedno czyja ta ziemia? Czy warto przelewa\u0107 krew? Traci\u0107 \u017cycie? Czy ta wolno\u015b\u0107 jest taka wa\u017cna? Nie wystarczy dach nad g\u0142ow\u0105, pe\u0142na micha i \u015bwi\u0119ty spok\u00f3j?<\/p>\n<p>Wolno\u015b\u0107 \u2013 to obraz Boga w nas. Pragnienie wolno\u015bci, to ono odr\u00f3\u017cnia nas od zwierz\u0105t.<\/p>\n<p>Dzi\u015b dzi\u0119kuj\u0119 tym, kt\u00f3rym nie by\u0142o wszystko jedno czyja flaga, czyj hymn i kto decyduje. Tym, kt\u00f3rzy o wolno\u015b\u0107 chcieli i potrafili walczy\u0107. I modl\u0119 si\u0119, \u017ceby tym co po nas przyjd\u0105, te\u017c nie by\u0142o wszystko jedno.<\/p>\n<p>Na podobie\u0144stwo swoje B\u00f3g ukszta\u0142towa\u0142 te grudki ziemi, kt\u00f3rymi jeste\u015bmy. Musimy tego podobie\u0144stwa strzec, i je szanowa\u0107. I to nie jest \u017caden faszyzm.<\/p>\n","protected":false},"excerpt":{"rendered":"<p>Gdy patrz\u0119 na Twe niebo, dzie\u0142o Twych palc\u00f3w, ksi\u0119\u017cyc i gwiazdy, kt\u00f3re\u015b Ty utwierdzi\u0142: czym jest cz\u0142owiek, \u017ce o nim&hellip;<\/p>\n","protected":false},"author":1,"featured_media":347,"comment_status":"open","ping_status":"open","sticky":false,"template":"","format":"standard","meta":{"footnotes":""},"categories":[1],"tags":[],"class_list":["post-346","post","type-post","status-publish","format-standard","has-post-thumbnail","hentry","category-bez-kategorii"],"yoast_head":"<!-- This site is optimized with the Yoast SEO plugin v27.3 - https:\/\/yoast.com\/product\/yoast-seo-wordpress\/ -->\n<title>\u015awi\u0119to wolno\u015bci, czyli kim jest cz\u0142owiek - S\u0142owo \u017bycia<\/title>\n<meta name=\"robots\" content=\"index, follow, max-snippet:-1, max-image-preview:large, max-video-preview:-1\" \/>\n<link rel=\"canonical\" href=\"https:\/\/licho.xyz\/index.php\/2021\/11\/11\/swieto-wolnosci-czyli-kim-jest-czlowiek\/\" \/>\n<meta property=\"og:locale\" content=\"pl_PL\" \/>\n<meta property=\"og:type\" content=\"article\" \/>\n<meta property=\"og:title\" content=\"\u015awi\u0119to wolno\u015bci, czyli kim jest cz\u0142owiek - S\u0142owo \u017bycia\" \/>\n<meta property=\"og:description\" content=\"Gdy patrz\u0119 na Twe niebo, dzie\u0142o Twych palc\u00f3w, ksi\u0119\u017cyc i gwiazdy, kt\u00f3re\u015b Ty utwierdzi\u0142: czym jest cz\u0142owiek, \u017ce o nim&hellip;\" \/>\n<meta property=\"og:url\" content=\"https:\/\/licho.xyz\/index.php\/2021\/11\/11\/swieto-wolnosci-czyli-kim-jest-czlowiek\/\" \/>\n<meta property=\"og:site_name\" content=\"S\u0142owo \u017bycia\" \/>\n<meta property=\"article:published_time\" content=\"2021-11-11T18:41:53+00:00\" \/>\n<meta property=\"article:modified_time\" content=\"2021-11-11T18:45:32+00:00\" \/>\n<meta property=\"og:image\" content=\"https:\/\/licho.xyz\/wp-content\/uploads\/2021\/11\/flaga2-2.jpg\" \/>\n\t<meta property=\"og:image:width\" content=\"959\" \/>\n\t<meta property=\"og:image:height\" content=\"540\" \/>\n\t<meta property=\"og:image:type\" content=\"image\/jpeg\" \/>\n<meta name=\"author\" content=\"xS\u0142awomir\" \/>\n<meta name=\"twitter:card\" content=\"summary_large_image\" \/>\n<meta name=\"twitter:label1\" content=\"Napisane przez\" \/>\n\t<meta name=\"twitter:data1\" content=\"xS\u0142awomir\" \/>\n\t<meta name=\"twitter:label2\" content=\"Szacowany czas czytania\" \/>\n\t<meta name=\"twitter:data2\" content=\"3 minuty\" \/>\n<script type=\"application\/ld+json\" class=\"yoast-schema-graph\">{\"@context\":\"https:\\\/\\\/schema.org\",\"@graph\":[{\"@type\":\"Article\",\"@id\":\"https:\\\/\\\/licho.xyz\\\/index.php\\\/2021\\\/11\\\/11\\\/swieto-wolnosci-czyli-kim-jest-czlowiek\\\/#article\",\"isPartOf\":{\"@id\":\"https:\\\/\\\/licho.xyz\\\/index.php\\\/2021\\\/11\\\/11\\\/swieto-wolnosci-czyli-kim-jest-czlowiek\\\/\"},\"author\":{\"name\":\"xS\u0142awomir\",\"@id\":\"https:\\\/\\\/licho.xyz\\\/#\\\/schema\\\/person\\\/f49c8bc08dfb9e5c1d425a01465c53d7\"},\"headline\":\"\u015awi\u0119to wolno\u015bci, czyli kim jest cz\u0142owiek\",\"datePublished\":\"2021-11-11T18:41:53+00:00\",\"dateModified\":\"2021-11-11T18:45:32+00:00\",\"mainEntityOfPage\":{\"@id\":\"https:\\\/\\\/licho.xyz\\\/index.php\\\/2021\\\/11\\\/11\\\/swieto-wolnosci-czyli-kim-jest-czlowiek\\\/\"},\"wordCount\":671,\"commentCount\":0,\"publisher\":{\"@id\":\"https:\\\/\\\/licho.xyz\\\/#\\\/schema\\\/person\\\/f49c8bc08dfb9e5c1d425a01465c53d7\"},\"image\":{\"@id\":\"https:\\\/\\\/licho.xyz\\\/index.php\\\/2021\\\/11\\\/11\\\/swieto-wolnosci-czyli-kim-jest-czlowiek\\\/#primaryimage\"},\"thumbnailUrl\":\"https:\\\/\\\/licho.xyz\\\/wp-content\\\/uploads\\\/2021\\\/11\\\/flaga2-2.jpg\",\"inLanguage\":\"pl-PL\",\"potentialAction\":[{\"@type\":\"CommentAction\",\"name\":\"Comment\",\"target\":[\"https:\\\/\\\/licho.xyz\\\/index.php\\\/2021\\\/11\\\/11\\\/swieto-wolnosci-czyli-kim-jest-czlowiek\\\/#respond\"]}]},{\"@type\":\"WebPage\",\"@id\":\"https:\\\/\\\/licho.xyz\\\/index.php\\\/2021\\\/11\\\/11\\\/swieto-wolnosci-czyli-kim-jest-czlowiek\\\/\",\"url\":\"https:\\\/\\\/licho.xyz\\\/index.php\\\/2021\\\/11\\\/11\\\/swieto-wolnosci-czyli-kim-jest-czlowiek\\\/\",\"name\":\"\u015awi\u0119to wolno\u015bci, czyli kim jest cz\u0142owiek - S\u0142owo \u017bycia\",\"isPartOf\":{\"@id\":\"https:\\\/\\\/licho.xyz\\\/#website\"},\"primaryImageOfPage\":{\"@id\":\"https:\\\/\\\/licho.xyz\\\/index.php\\\/2021\\\/11\\\/11\\\/swieto-wolnosci-czyli-kim-jest-czlowiek\\\/#primaryimage\"},\"image\":{\"@id\":\"https:\\\/\\\/licho.xyz\\\/index.php\\\/2021\\\/11\\\/11\\\/swieto-wolnosci-czyli-kim-jest-czlowiek\\\/#primaryimage\"},\"thumbnailUrl\":\"https:\\\/\\\/licho.xyz\\\/wp-content\\\/uploads\\\/2021\\\/11\\\/flaga2-2.jpg\",\"datePublished\":\"2021-11-11T18:41:53+00:00\",\"dateModified\":\"2021-11-11T18:45:32+00:00\",\"breadcrumb\":{\"@id\":\"https:\\\/\\\/licho.xyz\\\/index.php\\\/2021\\\/11\\\/11\\\/swieto-wolnosci-czyli-kim-jest-czlowiek\\\/#breadcrumb\"},\"inLanguage\":\"pl-PL\",\"potentialAction\":[{\"@type\":\"ReadAction\",\"target\":[\"https:\\\/\\\/licho.xyz\\\/index.php\\\/2021\\\/11\\\/11\\\/swieto-wolnosci-czyli-kim-jest-czlowiek\\\/\"]}]},{\"@type\":\"ImageObject\",\"inLanguage\":\"pl-PL\",\"@id\":\"https:\\\/\\\/licho.xyz\\\/index.php\\\/2021\\\/11\\\/11\\\/swieto-wolnosci-czyli-kim-jest-czlowiek\\\/#primaryimage\",\"url\":\"https:\\\/\\\/licho.xyz\\\/wp-content\\\/uploads\\\/2021\\\/11\\\/flaga2-2.jpg\",\"contentUrl\":\"https:\\\/\\\/licho.xyz\\\/wp-content\\\/uploads\\\/2021\\\/11\\\/flaga2-2.jpg\",\"width\":959,\"height\":540},{\"@type\":\"BreadcrumbList\",\"@id\":\"https:\\\/\\\/licho.xyz\\\/index.php\\\/2021\\\/11\\\/11\\\/swieto-wolnosci-czyli-kim-jest-czlowiek\\\/#breadcrumb\",\"itemListElement\":[{\"@type\":\"ListItem\",\"position\":1,\"name\":\"Strona g\u0142\u00f3wna\",\"item\":\"https:\\\/\\\/licho.xyz\\\/\"},{\"@type\":\"ListItem\",\"position\":2,\"name\":\"\u015awi\u0119to wolno\u015bci, czyli kim jest cz\u0142owiek\"}]},{\"@type\":\"WebSite\",\"@id\":\"https:\\\/\\\/licho.xyz\\\/#website\",\"url\":\"https:\\\/\\\/licho.xyz\\\/\",\"name\":\"S\u0142owo \u017bycia\",\"description\":\"Blog osobisty\",\"publisher\":{\"@id\":\"https:\\\/\\\/licho.xyz\\\/#\\\/schema\\\/person\\\/f49c8bc08dfb9e5c1d425a01465c53d7\"},\"potentialAction\":[{\"@type\":\"SearchAction\",\"target\":{\"@type\":\"EntryPoint\",\"urlTemplate\":\"https:\\\/\\\/licho.xyz\\\/?s={search_term_string}\"},\"query-input\":{\"@type\":\"PropertyValueSpecification\",\"valueRequired\":true,\"valueName\":\"search_term_string\"}}],\"inLanguage\":\"pl-PL\"},{\"@type\":[\"Person\",\"Organization\"],\"@id\":\"https:\\\/\\\/licho.xyz\\\/#\\\/schema\\\/person\\\/f49c8bc08dfb9e5c1d425a01465c53d7\",\"name\":\"xS\u0142awomir\",\"image\":{\"@type\":\"ImageObject\",\"inLanguage\":\"pl-PL\",\"@id\":\"https:\\\/\\\/licho.xyz\\\/wp-content\\\/uploads\\\/2026\\\/03\\\/304851364_420039680220434_1880032496013778360_n.jpg\",\"url\":\"https:\\\/\\\/licho.xyz\\\/wp-content\\\/uploads\\\/2026\\\/03\\\/304851364_420039680220434_1880032496013778360_n.jpg\",\"contentUrl\":\"https:\\\/\\\/licho.xyz\\\/wp-content\\\/uploads\\\/2026\\\/03\\\/304851364_420039680220434_1880032496013778360_n.jpg\",\"width\":1465,\"height\":1465,\"caption\":\"xS\u0142awomir\"},\"logo\":{\"@id\":\"https:\\\/\\\/licho.xyz\\\/wp-content\\\/uploads\\\/2026\\\/03\\\/304851364_420039680220434_1880032496013778360_n.jpg\"},\"sameAs\":[\"http:\\\/\\\/54.37.136.75\"],\"url\":\"https:\\\/\\\/licho.xyz\\\/index.php\\\/author\\\/lichos\\\/\"}]}<\/script>\n<!-- \/ Yoast SEO plugin. -->","yoast_head_json":{"title":"\u015awi\u0119to wolno\u015bci, czyli kim jest cz\u0142owiek - S\u0142owo \u017bycia","robots":{"index":"index","follow":"follow","max-snippet":"max-snippet:-1","max-image-preview":"max-image-preview:large","max-video-preview":"max-video-preview:-1"},"canonical":"https:\/\/licho.xyz\/index.php\/2021\/11\/11\/swieto-wolnosci-czyli-kim-jest-czlowiek\/","og_locale":"pl_PL","og_type":"article","og_title":"\u015awi\u0119to wolno\u015bci, czyli kim jest cz\u0142owiek - S\u0142owo \u017bycia","og_description":"Gdy patrz\u0119 na Twe niebo, dzie\u0142o Twych palc\u00f3w, ksi\u0119\u017cyc i gwiazdy, kt\u00f3re\u015b Ty utwierdzi\u0142: czym jest cz\u0142owiek, \u017ce o nim&hellip;","og_url":"https:\/\/licho.xyz\/index.php\/2021\/11\/11\/swieto-wolnosci-czyli-kim-jest-czlowiek\/","og_site_name":"S\u0142owo \u017bycia","article_published_time":"2021-11-11T18:41:53+00:00","article_modified_time":"2021-11-11T18:45:32+00:00","og_image":[{"width":959,"height":540,"url":"https:\/\/licho.xyz\/wp-content\/uploads\/2021\/11\/flaga2-2.jpg","type":"image\/jpeg"}],"author":"xS\u0142awomir","twitter_card":"summary_large_image","twitter_misc":{"Napisane przez":"xS\u0142awomir","Szacowany czas czytania":"3 minuty"},"schema":{"@context":"https:\/\/schema.org","@graph":[{"@type":"Article","@id":"https:\/\/licho.xyz\/index.php\/2021\/11\/11\/swieto-wolnosci-czyli-kim-jest-czlowiek\/#article","isPartOf":{"@id":"https:\/\/licho.xyz\/index.php\/2021\/11\/11\/swieto-wolnosci-czyli-kim-jest-czlowiek\/"},"author":{"name":"xS\u0142awomir","@id":"https:\/\/licho.xyz\/#\/schema\/person\/f49c8bc08dfb9e5c1d425a01465c53d7"},"headline":"\u015awi\u0119to wolno\u015bci, czyli kim jest cz\u0142owiek","datePublished":"2021-11-11T18:41:53+00:00","dateModified":"2021-11-11T18:45:32+00:00","mainEntityOfPage":{"@id":"https:\/\/licho.xyz\/index.php\/2021\/11\/11\/swieto-wolnosci-czyli-kim-jest-czlowiek\/"},"wordCount":671,"commentCount":0,"publisher":{"@id":"https:\/\/licho.xyz\/#\/schema\/person\/f49c8bc08dfb9e5c1d425a01465c53d7"},"image":{"@id":"https:\/\/licho.xyz\/index.php\/2021\/11\/11\/swieto-wolnosci-czyli-kim-jest-czlowiek\/#primaryimage"},"thumbnailUrl":"https:\/\/licho.xyz\/wp-content\/uploads\/2021\/11\/flaga2-2.jpg","inLanguage":"pl-PL","potentialAction":[{"@type":"CommentAction","name":"Comment","target":["https:\/\/licho.xyz\/index.php\/2021\/11\/11\/swieto-wolnosci-czyli-kim-jest-czlowiek\/#respond"]}]},{"@type":"WebPage","@id":"https:\/\/licho.xyz\/index.php\/2021\/11\/11\/swieto-wolnosci-czyli-kim-jest-czlowiek\/","url":"https:\/\/licho.xyz\/index.php\/2021\/11\/11\/swieto-wolnosci-czyli-kim-jest-czlowiek\/","name":"\u015awi\u0119to wolno\u015bci, czyli kim jest cz\u0142owiek - S\u0142owo \u017bycia","isPartOf":{"@id":"https:\/\/licho.xyz\/#website"},"primaryImageOfPage":{"@id":"https:\/\/licho.xyz\/index.php\/2021\/11\/11\/swieto-wolnosci-czyli-kim-jest-czlowiek\/#primaryimage"},"image":{"@id":"https:\/\/licho.xyz\/index.php\/2021\/11\/11\/swieto-wolnosci-czyli-kim-jest-czlowiek\/#primaryimage"},"thumbnailUrl":"https:\/\/licho.xyz\/wp-content\/uploads\/2021\/11\/flaga2-2.jpg","datePublished":"2021-11-11T18:41:53+00:00","dateModified":"2021-11-11T18:45:32+00:00","breadcrumb":{"@id":"https:\/\/licho.xyz\/index.php\/2021\/11\/11\/swieto-wolnosci-czyli-kim-jest-czlowiek\/#breadcrumb"},"inLanguage":"pl-PL","potentialAction":[{"@type":"ReadAction","target":["https:\/\/licho.xyz\/index.php\/2021\/11\/11\/swieto-wolnosci-czyli-kim-jest-czlowiek\/"]}]},{"@type":"ImageObject","inLanguage":"pl-PL","@id":"https:\/\/licho.xyz\/index.php\/2021\/11\/11\/swieto-wolnosci-czyli-kim-jest-czlowiek\/#primaryimage","url":"https:\/\/licho.xyz\/wp-content\/uploads\/2021\/11\/flaga2-2.jpg","contentUrl":"https:\/\/licho.xyz\/wp-content\/uploads\/2021\/11\/flaga2-2.jpg","width":959,"height":540},{"@type":"BreadcrumbList","@id":"https:\/\/licho.xyz\/index.php\/2021\/11\/11\/swieto-wolnosci-czyli-kim-jest-czlowiek\/#breadcrumb","itemListElement":[{"@type":"ListItem","position":1,"name":"Strona g\u0142\u00f3wna","item":"https:\/\/licho.xyz\/"},{"@type":"ListItem","position":2,"name":"\u015awi\u0119to wolno\u015bci, czyli kim jest cz\u0142owiek"}]},{"@type":"WebSite","@id":"https:\/\/licho.xyz\/#website","url":"https:\/\/licho.xyz\/","name":"S\u0142owo \u017bycia","description":"Blog osobisty","publisher":{"@id":"https:\/\/licho.xyz\/#\/schema\/person\/f49c8bc08dfb9e5c1d425a01465c53d7"},"potentialAction":[{"@type":"SearchAction","target":{"@type":"EntryPoint","urlTemplate":"https:\/\/licho.xyz\/?s={search_term_string}"},"query-input":{"@type":"PropertyValueSpecification","valueRequired":true,"valueName":"search_term_string"}}],"inLanguage":"pl-PL"},{"@type":["Person","Organization"],"@id":"https:\/\/licho.xyz\/#\/schema\/person\/f49c8bc08dfb9e5c1d425a01465c53d7","name":"xS\u0142awomir","image":{"@type":"ImageObject","inLanguage":"pl-PL","@id":"https:\/\/licho.xyz\/wp-content\/uploads\/2026\/03\/304851364_420039680220434_1880032496013778360_n.jpg","url":"https:\/\/licho.xyz\/wp-content\/uploads\/2026\/03\/304851364_420039680220434_1880032496013778360_n.jpg","contentUrl":"https:\/\/licho.xyz\/wp-content\/uploads\/2026\/03\/304851364_420039680220434_1880032496013778360_n.jpg","width":1465,"height":1465,"caption":"xS\u0142awomir"},"logo":{"@id":"https:\/\/licho.xyz\/wp-content\/uploads\/2026\/03\/304851364_420039680220434_1880032496013778360_n.jpg"},"sameAs":["http:\/\/54.37.136.75"],"url":"https:\/\/licho.xyz\/index.php\/author\/lichos\/"}]}},"_links":{"self":[{"href":"https:\/\/licho.xyz\/index.php\/wp-json\/wp\/v2\/posts\/346","targetHints":{"allow":["GET"]}}],"collection":[{"href":"https:\/\/licho.xyz\/index.php\/wp-json\/wp\/v2\/posts"}],"about":[{"href":"https:\/\/licho.xyz\/index.php\/wp-json\/wp\/v2\/types\/post"}],"author":[{"embeddable":true,"href":"https:\/\/licho.xyz\/index.php\/wp-json\/wp\/v2\/users\/1"}],"replies":[{"embeddable":true,"href":"https:\/\/licho.xyz\/index.php\/wp-json\/wp\/v2\/comments?post=346"}],"version-history":[{"count":3,"href":"https:\/\/licho.xyz\/index.php\/wp-json\/wp\/v2\/posts\/346\/revisions"}],"predecessor-version":[{"id":352,"href":"https:\/\/licho.xyz\/index.php\/wp-json\/wp\/v2\/posts\/346\/revisions\/352"}],"wp:featuredmedia":[{"embeddable":true,"href":"https:\/\/licho.xyz\/index.php\/wp-json\/wp\/v2\/media\/347"}],"wp:attachment":[{"href":"https:\/\/licho.xyz\/index.php\/wp-json\/wp\/v2\/media?parent=346"}],"wp:term":[{"taxonomy":"category","embeddable":true,"href":"https:\/\/licho.xyz\/index.php\/wp-json\/wp\/v2\/categories?post=346"},{"taxonomy":"post_tag","embeddable":true,"href":"https:\/\/licho.xyz\/index.php\/wp-json\/wp\/v2\/tags?post=346"}],"curies":[{"name":"wp","href":"https:\/\/api.w.org\/{rel}","templated":true}]}}