{"id":88,"date":"2020-11-24T01:38:17","date_gmt":"2020-11-24T00:38:17","guid":{"rendered":"https:\/\/licho.xyz\/?p=88"},"modified":"2020-11-25T22:41:40","modified_gmt":"2020-11-25T21:41:40","slug":"jak-ci-na-imie","status":"publish","type":"post","link":"https:\/\/licho.xyz\/index.php\/2020\/11\/24\/jak-ci-na-imie\/","title":{"rendered":"Jak Ci na imi\u0119?"},"content":{"rendered":"<p>Jako\u015b ze sto lat temu okrzykni\u0119to, \u017ce \u201eB\u00f3g umar\u0142\u201d. Cho\u0107 i wcze\u015bniej o tym przeb\u0105kiwano. B\u00f3g umar\u0142, a my \u017cyjemy, wo\u0142ano. Dopiero teraz, kiedy Jego ci\u0119\u017cki wzrok na nas nie spoczywa, mo\u017cemy nareszcie odetchn\u0105\u0107 pe\u0142n\u0105 piersi\u0105! Nowoczesny humanizm, nowy cz\u0142owiek, wolny. Z niezatrutym ciemnymi ideami umys\u0142em, nieobarczony nieustannym poczuciem winy, nie \u017cyj\u0105cy w l\u0119ku przed piek\u0142em. Pe\u0142nia cz\u0142owiecze\u0144stwa.<br \/>\nA potem by\u0142y dwie Wojny \u015awiatowe. W czasie Pierwszej na masow\u0105 skal\u0119 wdro\u017cono nieznane wcze\u015bniej (mimo \u017ce ka\u017cda wojna zawsze by\u0142a okrutna, to jednak do tej pory by\u0142o to nie do pomy\u015blenia) przemys\u0142owe u\u015bmiercanie \u017co\u0142nierzy w okopach gazami bojowymi. W Drugiej fabryki \u015bmierci otwar\u0142y si\u0119 tak\u017ce na cywili. I produkcj\u0119 myd\u0142a. Tyle, je\u015bli chodzi o humanizm i Nowego Cz\u0142owieka, uwolnionego od Boga.<\/p>\n<p>Dlaczego o tym pisz\u0119?<br \/>\nDzi\u015b zewsz\u0105d s\u0142ysz\u0119 radosne okrzyki \u015bwiata, kt\u00f3ry wo\u0142a \u201eKo\u015bci\u00f3\u0142 umar\u0142. Albo przynajmniej umiera. Dogorywa nareszcie.\u201d I chcia\u0142bym si\u0119 zastanowi\u0107, czy \u015bwiat ma pow\u00f3d do rado\u015bci.<br \/>\nS\u0142owo \u201e\u015bwiat\u201d mo\u017cna rozumie\u0107 dwojako. Po pierwsze &#8211; tak po naszemu, zwyczajnie. \u015awiat to my, ludzko\u015b\u0107. Je\u015bli prawd\u0105 jest \u015bmier\u0107 Ko\u015bcio\u0142a, to ludzko\u015b\u0107 nie ma si\u0119 z czego cieszy\u0107. Ostatnie stulecie dobitnie to udowodni\u0142o. Pokaza\u0142o nam, jak wygl\u0105da ludzko\u015b\u0107 uwolniona od Boga. Mo\u017cna te\u017c \u201e\u015bwiat\u201d rozumie\u0107 biblijnie, jest to wtedy przeciwie\u0144stwo Kr\u00f3lestwa Bo\u017cego, gdzie \u201ew\u0142adca tego \u015bwiata\u201d to szatan\u2026 A on z tego faktu ucieszy\u0142by si\u0119 niew\u0105tpliwie. Duchowa wojna \u015bwiat\u0142a i ciemno\u015bci.<\/p>\n<p><em>Mnie, Janowi, powiedziano: \u00abOto dwaj moi \u015awiadkowie; oni s\u0105 dwoma drzewami oliwnymi i dwoma \u015bwiecznikami, co stoj\u0105 przed Panem ziemi. (\u2026)<\/em><br \/>\n<em>A gdy dope\u0142ni\u0105 swojego \u015bwiadectwa, Bestia, kt\u00f3ra wychodzi z Czelu\u015bci, wyda im wojn\u0119, zwyci\u0119\u017cy ich i zabije. A zw\u0142oki ich le\u017ce\u0107 b\u0119d\u0105 na placu wielkiego miasta, kt\u00f3re duchowo zwie si\u0119: Sodoma i Egipt, gdzie tak\u017ce ukrzy\u017cowano ich Pana. I wielu spo\u015br\u00f3d lud\u00f3w, szczep\u00f3w, j\u0119zyk\u00f3w i narod\u00f3w przez trzy i p\u00f3\u0142 dnia ogl\u0105da ich zw\u0142oki; a zw\u0142ok ich nie zezwalaj\u0105 z\u0142o\u017cy\u0107 do grobu. Z ich powodu mieszka\u0144cy ziemi ciesz\u0105 si\u0119 i raduj\u0105; i dary sobie nawzajem b\u0119d\u0105 przesy\u0142ali, bo ci dwaj prorocy mieszka\u0144com ziemi zadali katusze.<\/em><br \/>\n<em>A po trzech i p\u00f3\u0142 dnia duch \u017cycia z Boga w nich wst\u0105pi\u0142, i stan\u0119li na nogi. A wielki strach pad\u0142 na tych, co ich ogl\u0105dali. Pos\u0142yszeli oni dono\u015bny g\u0142os z nieba do nich m\u00f3wi\u0105cy: \u201eWst\u0105pcie tutaj!\u201d I w ob\u0142oku wst\u0105pili do nieba, a ich wrogowie zobaczyli ich\u00bb.<\/em><\/p>\n<p>Mia\u0142 Ko\u015bci\u00f3\u0142 Pielgrzymuj\u0105cy, ziemski, swoje \u201et\u0142uste\u201d lata. By\u0142y w Polsce lata 80-te, zachwyt Papie\u017cem-Polakiem, pe\u0142ne \u015bwi\u0105tynie. By\u0142 kardyna\u0142 Wyszy\u0144ski, b\u0142ogos\u0142awiony ks. Jerzy Popie\u0142uszko, ks. Blachnicki, byli i inni. Porywali t\u0142umy, a t\u0142umy ch\u0119tnie pozwala\u0142y si\u0119 porywa\u0107. I cho\u0107 by\u0142o ci\u0119\u017cko, to by\u0142o pi\u0119knie. Cho\u0107 i m\u0119cze\u0144ska krew pop\u0142yn\u0119\u0142a, to zaraz rodzi\u0142a bujny plon. Dzi\u015b po oazach zosta\u0142y tabliczki na drzwiach salek parafialnych. W zakrystiach szafy pe\u0142ne zakurzonych, bo nieu\u017cywanych, i niepotrzebnych nikomu ministranckich kom\u017cy. \u201ePokolenie JP II\u201d chwyci\u0142o spraye w r\u0119ce, by profanowa\u0107 pomniki \u015bw. Papie\u017ca. Pierwsze co robi\u0105 m\u0142odzi ludzie w szkole \u015bredniej, to wypisanie si\u0119 z religii. Masowe apostazje, w Europie, ale i w Polsce. Jak czytali\u015bmy w necie, klasyczny ju\u017c tekst \u2013 wulgarne kobiety blokuj\u0105 miasto, motornicza bije brawo, geje na ulicy ta\u0144cz\u0105 poloneza. A ko\u015bcio\u0142y puste, bo wielu bardzo ch\u0119tnie uwierzy\u0142o, \u017ce przyj\u015b\u0107 na Eucharysti\u0119 to grzech przeciw mi\u0142o\u015bci bli\u017aniego. Czy ten obraz przera\u017ca? Owszem. Wydaje si\u0119, \u017ce Ko\u015bci\u00f3\u0142 naprawd\u0119 ko\u0144czy \u017cywot. A Synowie Ciemno\u015bci sobie gratuluj\u0105. Czy to w\u0142a\u015bnie widzia\u0142 \u015bw. Jan, pisz\u0105c Apokalips\u0119? Rok 2020? Je\u015bli tak, to chyba powinni\u015bmy si\u0119 cieszy\u0107! \u017byjemy w wa\u017cnych czasach!<\/p>\n<p><em>Bestia, kt\u00f3ra wychodzi z Czelu\u015bci, wyda im wojn\u0119, zwyci\u0119\u017cy ich i zabije. A zw\u0142oki ich le\u017ce\u0107 b\u0119d\u0105 na placu wielkiego miasta, kt\u00f3re duchowo zwie si\u0119: Sodoma i Egipt, gdzie tak\u017ce ukrzy\u017cowano ich Pana. I wielu spo\u015br\u00f3d lud\u00f3w, szczep\u00f3w, j\u0119zyk\u00f3w i narod\u00f3w przez trzy i p\u00f3\u0142 dnia ogl\u0105da ich zw\u0142oki; a zw\u0142ok ich nie zezwalaj\u0105 z\u0142o\u017cy\u0107 do grobu. Z ich powodu mieszka\u0144cy ziemi ciesz\u0105 si\u0119 i raduj\u0105; i dary sobie nawzajem b\u0119d\u0105 przesy\u0142ali, bo ci dwaj prorocy mieszka\u0144com ziemi zadali katusze.<\/em><br \/>\n<em>A po trzech i p\u00f3\u0142 dnia duch \u017cycia z Boga w nich wst\u0105pi\u0142, i stan\u0119li na nogi. A wielki strach pad\u0142 na tych, co ich ogl\u0105dali.<\/em><\/p>\n<p>Bramy piekielne go nie przemog\u0105. Ko\u015bci\u00f3\u0142 nie zginie. To znaczy nie zginie tak naprawd\u0119. Walka b\u0119dzie trwa\u0142a, b\u0119dzie bola\u0142o, ale tak naprawd\u0119 to Ko\u015bci\u00f3\u0142 ju\u017c zwyci\u0119\u017cy\u0142. Ale jest jeden problem\u2026<\/p>\n<p><em>Ja, Jan, us\u0142ysza\u0142em Pana m\u00f3wi\u0105cego do mnie: \u201eAnio\u0142owi Ko\u015bcio\u0142a w Sardach napisz: To m\u00f3wi Ten, co ma Siedem Duch\u00f3w Boga i siedem gwiazd: &#8222;Znam twoje czyny: masz imi\u0119, kt\u00f3re m\u00f3wi, \u017ce \u017cyjesz, a jeste\u015b umar\u0142y. Sta\u0144 si\u0119 czujny i umocnij reszt\u0119, kt\u00f3ra mia\u0142a umrze\u0107, bo nie znalaz\u0142em twych czyn\u00f3w doskona\u0142ymi wobec mego Boga. Pami\u0119taj wi\u0119c, jak wzi\u0105\u0142e\u015b i us\u0142ysza\u0142e\u015b, strze\u017c si\u0119 tego i nawr\u00f3\u0107 si\u0119. Je\u015bli wi\u0119c czuwa\u0107 nie b\u0119dziesz, przyjd\u0119 jak z\u0142odziej, i nie poznasz, o kt\u00f3rej godzinie przyjd\u0119 do ciebie. Lecz w Sardach masz kilka os\u00f3b, co swoich szat nie splami\u0142y i b\u0119d\u0105 chodzi\u0107 ze mn\u0105 w bieli, bo s\u0105 godni. Tak szaty bia\u0142e przywdzieje zwyci\u0119zca i z ksi\u0119gi \u017cycia imienia jego nie wyma\u017c\u0119. I wyznam imi\u0119 jego przed moim Ojcem i Jego anio\u0142ami&#8221;.<\/em><\/p>\n<p>Imi\u0119, kt\u00f3re nosisz. Chrze\u015bcijanin. Nale\u017c\u0105cy do Chrystusa. To pi\u0119kne imi\u0119. Dzi\u015b wielu to imi\u0119 porzuci\u0142o, bo same z nim problemy. Bo niebezpieczne. Bo wyklucza ze \u015bwiata, niemodne, \u015bmieszne, brzydkie. Bo \u015bwiat nada\u0142 im inne imiona, \u0142adniejsze. Wielu jeszcze je nosi. Cho\u0107 uwiera. Ci\u0119\u017cko jest nosi\u0107 imi\u0119, kt\u00f3re nie pasuje do cz\u0142owieka, nie pokrywa si\u0119 z rytmem serca, z melodi\u0105 duszy. Przyzwyczaili si\u0119 do niego, wi\u0119c na razie pr\u00f3buj\u0105 je jako\u015b zdrobni\u0107, troch\u0119 przerobi\u0107&#8230; Kiedy \u015bwiat zaproponuje inne, w ko\u0144cu dadz\u0105 si\u0119 nam\u00f3wi\u0107. S\u0105 te\u017c i tacy, kt\u00f3rzy tego imienia strzeg\u0105. I nosz\u0105 je z dum\u0105.<br \/>\nNie musimy ba\u0107 si\u0119 o Ko\u015bci\u00f3\u0142. Ani o to, \u017ceby B\u00f3g nie umar\u0142. Ju\u017c Go zabijali, a On wci\u0105\u017c \u017cyje.<br \/>\nMusimy si\u0119 l\u0119ka\u0107 o to, by\u015bmy ustrzegli siebie. By\u015bmy nie zapomnieli, jak mamy na imi\u0119.<\/p>\n<p>Dobrze jest mie\u0107 obok kogo\u015b, kto w razie czego g\u0142o\u015bno zawo\u0142a Ci\u0119 po imieniu. Trzymaj si\u0119 takich ludzi!<\/p>\n","protected":false},"excerpt":{"rendered":"<p>Jako\u015b ze sto lat temu okrzykni\u0119to, \u017ce \u201eB\u00f3g umar\u0142\u201d. Cho\u0107 i wcze\u015bniej o tym przeb\u0105kiwano. B\u00f3g umar\u0142, a my \u017cyjemy,&hellip;<\/p>\n","protected":false},"author":1,"featured_media":0,"comment_status":"open","ping_status":"open","sticky":false,"template":"","format":"standard","meta":{"footnotes":""},"categories":[1],"tags":[],"class_list":["post-88","post","type-post","status-publish","format-standard","hentry","category-bez-kategorii"],"yoast_head":"<!-- This site is optimized with the Yoast SEO plugin v27.3 - https:\/\/yoast.com\/product\/yoast-seo-wordpress\/ -->\n<title>Jak Ci na imi\u0119? - S\u0142owo \u017bycia<\/title>\n<meta name=\"robots\" content=\"index, follow, max-snippet:-1, max-image-preview:large, max-video-preview:-1\" \/>\n<link rel=\"canonical\" href=\"https:\/\/licho.xyz\/index.php\/2020\/11\/24\/jak-ci-na-imie\/\" \/>\n<meta property=\"og:locale\" content=\"pl_PL\" \/>\n<meta property=\"og:type\" content=\"article\" \/>\n<meta property=\"og:title\" content=\"Jak Ci na imi\u0119? - S\u0142owo \u017bycia\" \/>\n<meta property=\"og:description\" content=\"Jako\u015b ze sto lat temu okrzykni\u0119to, \u017ce \u201eB\u00f3g umar\u0142\u201d. Cho\u0107 i wcze\u015bniej o tym przeb\u0105kiwano. B\u00f3g umar\u0142, a my \u017cyjemy,&hellip;\" \/>\n<meta property=\"og:url\" content=\"https:\/\/licho.xyz\/index.php\/2020\/11\/24\/jak-ci-na-imie\/\" \/>\n<meta property=\"og:site_name\" content=\"S\u0142owo \u017bycia\" \/>\n<meta property=\"article:published_time\" content=\"2020-11-24T00:38:17+00:00\" \/>\n<meta property=\"article:modified_time\" content=\"2020-11-25T21:41:40+00:00\" \/>\n<meta name=\"author\" content=\"xS\u0142awomir\" \/>\n<meta name=\"twitter:card\" content=\"summary_large_image\" \/>\n<meta name=\"twitter:label1\" content=\"Napisane przez\" \/>\n\t<meta name=\"twitter:data1\" content=\"xS\u0142awomir\" \/>\n\t<meta name=\"twitter:label2\" content=\"Szacowany czas czytania\" \/>\n\t<meta name=\"twitter:data2\" content=\"6 minut\" \/>\n<script type=\"application\/ld+json\" class=\"yoast-schema-graph\">{\"@context\":\"https:\\\/\\\/schema.org\",\"@graph\":[{\"@type\":\"Article\",\"@id\":\"https:\\\/\\\/licho.xyz\\\/index.php\\\/2020\\\/11\\\/24\\\/jak-ci-na-imie\\\/#article\",\"isPartOf\":{\"@id\":\"https:\\\/\\\/licho.xyz\\\/index.php\\\/2020\\\/11\\\/24\\\/jak-ci-na-imie\\\/\"},\"author\":{\"name\":\"xS\u0142awomir\",\"@id\":\"https:\\\/\\\/licho.xyz\\\/#\\\/schema\\\/person\\\/f49c8bc08dfb9e5c1d425a01465c53d7\"},\"headline\":\"Jak Ci na imi\u0119?\",\"datePublished\":\"2020-11-24T00:38:17+00:00\",\"dateModified\":\"2020-11-25T21:41:40+00:00\",\"mainEntityOfPage\":{\"@id\":\"https:\\\/\\\/licho.xyz\\\/index.php\\\/2020\\\/11\\\/24\\\/jak-ci-na-imie\\\/\"},\"wordCount\":1203,\"commentCount\":0,\"publisher\":{\"@id\":\"https:\\\/\\\/licho.xyz\\\/#\\\/schema\\\/person\\\/f49c8bc08dfb9e5c1d425a01465c53d7\"},\"inLanguage\":\"pl-PL\",\"potentialAction\":[{\"@type\":\"CommentAction\",\"name\":\"Comment\",\"target\":[\"https:\\\/\\\/licho.xyz\\\/index.php\\\/2020\\\/11\\\/24\\\/jak-ci-na-imie\\\/#respond\"]}]},{\"@type\":\"WebPage\",\"@id\":\"https:\\\/\\\/licho.xyz\\\/index.php\\\/2020\\\/11\\\/24\\\/jak-ci-na-imie\\\/\",\"url\":\"https:\\\/\\\/licho.xyz\\\/index.php\\\/2020\\\/11\\\/24\\\/jak-ci-na-imie\\\/\",\"name\":\"Jak Ci na imi\u0119? - S\u0142owo \u017bycia\",\"isPartOf\":{\"@id\":\"https:\\\/\\\/licho.xyz\\\/#website\"},\"datePublished\":\"2020-11-24T00:38:17+00:00\",\"dateModified\":\"2020-11-25T21:41:40+00:00\",\"breadcrumb\":{\"@id\":\"https:\\\/\\\/licho.xyz\\\/index.php\\\/2020\\\/11\\\/24\\\/jak-ci-na-imie\\\/#breadcrumb\"},\"inLanguage\":\"pl-PL\",\"potentialAction\":[{\"@type\":\"ReadAction\",\"target\":[\"https:\\\/\\\/licho.xyz\\\/index.php\\\/2020\\\/11\\\/24\\\/jak-ci-na-imie\\\/\"]}]},{\"@type\":\"BreadcrumbList\",\"@id\":\"https:\\\/\\\/licho.xyz\\\/index.php\\\/2020\\\/11\\\/24\\\/jak-ci-na-imie\\\/#breadcrumb\",\"itemListElement\":[{\"@type\":\"ListItem\",\"position\":1,\"name\":\"Strona g\u0142\u00f3wna\",\"item\":\"https:\\\/\\\/licho.xyz\\\/\"},{\"@type\":\"ListItem\",\"position\":2,\"name\":\"Jak Ci na imi\u0119?\"}]},{\"@type\":\"WebSite\",\"@id\":\"https:\\\/\\\/licho.xyz\\\/#website\",\"url\":\"https:\\\/\\\/licho.xyz\\\/\",\"name\":\"S\u0142owo \u017bycia\",\"description\":\"Blog osobisty\",\"publisher\":{\"@id\":\"https:\\\/\\\/licho.xyz\\\/#\\\/schema\\\/person\\\/f49c8bc08dfb9e5c1d425a01465c53d7\"},\"potentialAction\":[{\"@type\":\"SearchAction\",\"target\":{\"@type\":\"EntryPoint\",\"urlTemplate\":\"https:\\\/\\\/licho.xyz\\\/?s={search_term_string}\"},\"query-input\":{\"@type\":\"PropertyValueSpecification\",\"valueRequired\":true,\"valueName\":\"search_term_string\"}}],\"inLanguage\":\"pl-PL\"},{\"@type\":[\"Person\",\"Organization\"],\"@id\":\"https:\\\/\\\/licho.xyz\\\/#\\\/schema\\\/person\\\/f49c8bc08dfb9e5c1d425a01465c53d7\",\"name\":\"xS\u0142awomir\",\"image\":{\"@type\":\"ImageObject\",\"inLanguage\":\"pl-PL\",\"@id\":\"https:\\\/\\\/licho.xyz\\\/wp-content\\\/uploads\\\/2026\\\/03\\\/304851364_420039680220434_1880032496013778360_n.jpg\",\"url\":\"https:\\\/\\\/licho.xyz\\\/wp-content\\\/uploads\\\/2026\\\/03\\\/304851364_420039680220434_1880032496013778360_n.jpg\",\"contentUrl\":\"https:\\\/\\\/licho.xyz\\\/wp-content\\\/uploads\\\/2026\\\/03\\\/304851364_420039680220434_1880032496013778360_n.jpg\",\"width\":1465,\"height\":1465,\"caption\":\"xS\u0142awomir\"},\"logo\":{\"@id\":\"https:\\\/\\\/licho.xyz\\\/wp-content\\\/uploads\\\/2026\\\/03\\\/304851364_420039680220434_1880032496013778360_n.jpg\"},\"sameAs\":[\"http:\\\/\\\/54.37.136.75\"],\"url\":\"https:\\\/\\\/licho.xyz\\\/index.php\\\/author\\\/lichos\\\/\"}]}<\/script>\n<!-- \/ Yoast SEO plugin. -->","yoast_head_json":{"title":"Jak Ci na imi\u0119? - S\u0142owo \u017bycia","robots":{"index":"index","follow":"follow","max-snippet":"max-snippet:-1","max-image-preview":"max-image-preview:large","max-video-preview":"max-video-preview:-1"},"canonical":"https:\/\/licho.xyz\/index.php\/2020\/11\/24\/jak-ci-na-imie\/","og_locale":"pl_PL","og_type":"article","og_title":"Jak Ci na imi\u0119? - S\u0142owo \u017bycia","og_description":"Jako\u015b ze sto lat temu okrzykni\u0119to, \u017ce \u201eB\u00f3g umar\u0142\u201d. Cho\u0107 i wcze\u015bniej o tym przeb\u0105kiwano. B\u00f3g umar\u0142, a my \u017cyjemy,&hellip;","og_url":"https:\/\/licho.xyz\/index.php\/2020\/11\/24\/jak-ci-na-imie\/","og_site_name":"S\u0142owo \u017bycia","article_published_time":"2020-11-24T00:38:17+00:00","article_modified_time":"2020-11-25T21:41:40+00:00","author":"xS\u0142awomir","twitter_card":"summary_large_image","twitter_misc":{"Napisane przez":"xS\u0142awomir","Szacowany czas czytania":"6 minut"},"schema":{"@context":"https:\/\/schema.org","@graph":[{"@type":"Article","@id":"https:\/\/licho.xyz\/index.php\/2020\/11\/24\/jak-ci-na-imie\/#article","isPartOf":{"@id":"https:\/\/licho.xyz\/index.php\/2020\/11\/24\/jak-ci-na-imie\/"},"author":{"name":"xS\u0142awomir","@id":"https:\/\/licho.xyz\/#\/schema\/person\/f49c8bc08dfb9e5c1d425a01465c53d7"},"headline":"Jak Ci na imi\u0119?","datePublished":"2020-11-24T00:38:17+00:00","dateModified":"2020-11-25T21:41:40+00:00","mainEntityOfPage":{"@id":"https:\/\/licho.xyz\/index.php\/2020\/11\/24\/jak-ci-na-imie\/"},"wordCount":1203,"commentCount":0,"publisher":{"@id":"https:\/\/licho.xyz\/#\/schema\/person\/f49c8bc08dfb9e5c1d425a01465c53d7"},"inLanguage":"pl-PL","potentialAction":[{"@type":"CommentAction","name":"Comment","target":["https:\/\/licho.xyz\/index.php\/2020\/11\/24\/jak-ci-na-imie\/#respond"]}]},{"@type":"WebPage","@id":"https:\/\/licho.xyz\/index.php\/2020\/11\/24\/jak-ci-na-imie\/","url":"https:\/\/licho.xyz\/index.php\/2020\/11\/24\/jak-ci-na-imie\/","name":"Jak Ci na imi\u0119? - S\u0142owo \u017bycia","isPartOf":{"@id":"https:\/\/licho.xyz\/#website"},"datePublished":"2020-11-24T00:38:17+00:00","dateModified":"2020-11-25T21:41:40+00:00","breadcrumb":{"@id":"https:\/\/licho.xyz\/index.php\/2020\/11\/24\/jak-ci-na-imie\/#breadcrumb"},"inLanguage":"pl-PL","potentialAction":[{"@type":"ReadAction","target":["https:\/\/licho.xyz\/index.php\/2020\/11\/24\/jak-ci-na-imie\/"]}]},{"@type":"BreadcrumbList","@id":"https:\/\/licho.xyz\/index.php\/2020\/11\/24\/jak-ci-na-imie\/#breadcrumb","itemListElement":[{"@type":"ListItem","position":1,"name":"Strona g\u0142\u00f3wna","item":"https:\/\/licho.xyz\/"},{"@type":"ListItem","position":2,"name":"Jak Ci na imi\u0119?"}]},{"@type":"WebSite","@id":"https:\/\/licho.xyz\/#website","url":"https:\/\/licho.xyz\/","name":"S\u0142owo \u017bycia","description":"Blog osobisty","publisher":{"@id":"https:\/\/licho.xyz\/#\/schema\/person\/f49c8bc08dfb9e5c1d425a01465c53d7"},"potentialAction":[{"@type":"SearchAction","target":{"@type":"EntryPoint","urlTemplate":"https:\/\/licho.xyz\/?s={search_term_string}"},"query-input":{"@type":"PropertyValueSpecification","valueRequired":true,"valueName":"search_term_string"}}],"inLanguage":"pl-PL"},{"@type":["Person","Organization"],"@id":"https:\/\/licho.xyz\/#\/schema\/person\/f49c8bc08dfb9e5c1d425a01465c53d7","name":"xS\u0142awomir","image":{"@type":"ImageObject","inLanguage":"pl-PL","@id":"https:\/\/licho.xyz\/wp-content\/uploads\/2026\/03\/304851364_420039680220434_1880032496013778360_n.jpg","url":"https:\/\/licho.xyz\/wp-content\/uploads\/2026\/03\/304851364_420039680220434_1880032496013778360_n.jpg","contentUrl":"https:\/\/licho.xyz\/wp-content\/uploads\/2026\/03\/304851364_420039680220434_1880032496013778360_n.jpg","width":1465,"height":1465,"caption":"xS\u0142awomir"},"logo":{"@id":"https:\/\/licho.xyz\/wp-content\/uploads\/2026\/03\/304851364_420039680220434_1880032496013778360_n.jpg"},"sameAs":["http:\/\/54.37.136.75"],"url":"https:\/\/licho.xyz\/index.php\/author\/lichos\/"}]}},"_links":{"self":[{"href":"https:\/\/licho.xyz\/index.php\/wp-json\/wp\/v2\/posts\/88","targetHints":{"allow":["GET"]}}],"collection":[{"href":"https:\/\/licho.xyz\/index.php\/wp-json\/wp\/v2\/posts"}],"about":[{"href":"https:\/\/licho.xyz\/index.php\/wp-json\/wp\/v2\/types\/post"}],"author":[{"embeddable":true,"href":"https:\/\/licho.xyz\/index.php\/wp-json\/wp\/v2\/users\/1"}],"replies":[{"embeddable":true,"href":"https:\/\/licho.xyz\/index.php\/wp-json\/wp\/v2\/comments?post=88"}],"version-history":[{"count":0,"href":"https:\/\/licho.xyz\/index.php\/wp-json\/wp\/v2\/posts\/88\/revisions"}],"wp:attachment":[{"href":"https:\/\/licho.xyz\/index.php\/wp-json\/wp\/v2\/media?parent=88"}],"wp:term":[{"taxonomy":"category","embeddable":true,"href":"https:\/\/licho.xyz\/index.php\/wp-json\/wp\/v2\/categories?post=88"},{"taxonomy":"post_tag","embeddable":true,"href":"https:\/\/licho.xyz\/index.php\/wp-json\/wp\/v2\/tags?post=88"}],"curies":[{"name":"wp","href":"https:\/\/api.w.org\/{rel}","templated":true}]}}